{"id":1403,"date":"2018-01-30T13:30:50","date_gmt":"2018-01-30T12:30:50","guid":{"rendered":"http:\/\/agora.xtec.cat\/ceip-torre-llauder-mataro\/?p=1403"},"modified":"2018-01-30T13:31:30","modified_gmt":"2018-01-30T12:31:30","slug":"denip-2","status":"publish","type":"post","link":"https:\/\/agora.xtec.cat\/ceip-torre-llauder-mataro\/general\/denip-2\/","title":{"rendered":"DENIP"},"content":{"rendered":"<p>Avui abans d&#8217;entrar a classe hem fet un petit acte per celebrar el DENIP, que \u00e9s el Dia Escolar de la No viol\u00e8ncia I la Pau. Se celebra cada any el 30 de gener perqu\u00e8 \u00e9s l&#8217;aniversari de la mort de Mahatma Ghandi, que va dedicar la seva vida a treballar per la no viol\u00e8ncia.<\/p>\n<p>Aix\u00ed, ens hem aplegat al pati a escoltar el conte que ens ha explicat l&#8217;Ema, &#8220;La disputa dels colors&#8221;, a reflexionar sobre la import\u00e0ncia de tots, a cantar la can\u00e7\u00f3 &#8220;Colors&#8221;, de Gil Ratataplam i a quedar-nos amb un missatge molt important: la pau no \u00e9s nom\u00e9s per a avui, sin\u00f3 per a cada dia.<\/p>\n<p>A les 11, coincidint amb la resta d&#8217;escoles de Matar\u00f3, ens hem tornat a aplegar a la pista per escoltar la J\u00falia de 5\u00e8 i la Clara de 6\u00e8, membres del Consell d&#8217;Infants, que ens han llegit un manifest per la pau.<\/p>\n<p><a href=\"https:\/\/photos.app.goo.gl\/Ipl6pu9D2stqchrm1\">Podeu veure aqu\u00ed algunes fotos de l&#8217;acte<\/a><\/p>\n<p>&nbsp;<\/p>\n","protected":false},"excerpt":{"rendered":"<p>Avui abans d&#8217;entrar a classe hem fet un petit acte per celebrar el DENIP, que \u00e9s el Dia Escolar de la No viol\u00e8ncia I la Pau. Se celebra cada any el 30 de gener perqu\u00e8 \u00e9s l&#8217;aniversari de la mort de Mahatma Ghandi, que va&hellip;  <a href=\"https:\/\/agora.xtec.cat\/ceip-torre-llauder-mataro\/general\/denip-2\/\" title=\"Read DENIP\">Llegeix m\u00e9s\u00bb<\/a><\/p>\n","protected":false},"author":1,"featured_media":0,"comment_status":"open","ping_status":"closed","sticky":false,"template":"","format":"standard","meta":{"_bbp_topic_count":0,"_bbp_reply_count":0,"_bbp_total_topic_count":0,"_bbp_total_reply_count":0,"_bbp_voice_count":0,"_bbp_anonymous_reply_count":0,"_bbp_topic_count_hidden":0,"_bbp_reply_count_hidden":0,"_bbp_forum_subforum_count":0,"footnotes":""},"categories":[1,2,4,5],"tags":[],"class_list":["post-1403","post","type-post","status-publish","format-standard","hentry","category-general","category-infantil","category-portada","category-primaria"],"post_mailing_queue_ids":[],"_links":{"self":[{"href":"https:\/\/agora.xtec.cat\/ceip-torre-llauder-mataro\/wp-json\/wp\/v2\/posts\/1403","targetHints":{"allow":["GET"]}}],"collection":[{"href":"https:\/\/agora.xtec.cat\/ceip-torre-llauder-mataro\/wp-json\/wp\/v2\/posts"}],"about":[{"href":"https:\/\/agora.xtec.cat\/ceip-torre-llauder-mataro\/wp-json\/wp\/v2\/types\/post"}],"author":[{"embeddable":true,"href":"https:\/\/agora.xtec.cat\/ceip-torre-llauder-mataro\/wp-json\/wp\/v2\/users\/1"}],"replies":[{"embeddable":true,"href":"https:\/\/agora.xtec.cat\/ceip-torre-llauder-mataro\/wp-json\/wp\/v2\/comments?post=1403"}],"version-history":[{"count":1,"href":"https:\/\/agora.xtec.cat\/ceip-torre-llauder-mataro\/wp-json\/wp\/v2\/posts\/1403\/revisions"}],"predecessor-version":[{"id":1404,"href":"https:\/\/agora.xtec.cat\/ceip-torre-llauder-mataro\/wp-json\/wp\/v2\/posts\/1403\/revisions\/1404"}],"wp:attachment":[{"href":"https:\/\/agora.xtec.cat\/ceip-torre-llauder-mataro\/wp-json\/wp\/v2\/media?parent=1403"}],"wp:term":[{"taxonomy":"category","embeddable":true,"href":"https:\/\/agora.xtec.cat\/ceip-torre-llauder-mataro\/wp-json\/wp\/v2\/categories?post=1403"},{"taxonomy":"post_tag","embeddable":true,"href":"https:\/\/agora.xtec.cat\/ceip-torre-llauder-mataro\/wp-json\/wp\/v2\/tags?post=1403"}],"curies":[{"name":"wp","href":"https:\/\/api.w.org\/{rel}","templated":true}]}}