{"id":1400,"date":"2018-01-27T12:14:59","date_gmt":"2018-01-27T11:14:59","guid":{"rendered":"http:\/\/agora.xtec.cat\/ceip-torre-llauder-mataro\/?p=1400"},"modified":"2018-01-27T12:15:00","modified_gmt":"2018-01-27T11:15:00","slug":"llimones-llimoner-i-llimonada","status":"publish","type":"post","link":"https:\/\/agora.xtec.cat\/ceip-torre-llauder-mataro\/infantil\/i5\/llimones-llimoner-i-llimonada\/","title":{"rendered":"LLIMONES, LLIMONER I LLIMONADA!!"},"content":{"rendered":"<p>Hem dedicat dos divendres d&#8217;experimentaci\u00f3 a descobrir els llimoners de l&#8217;escola, i ens ha agradat molt\u00edssim! La primera sessi\u00f3 vam veure, olorar i tocar les fulles i despr\u00e9s les vam resseguir. Despr\u00e9s vam anar a veure en directe els llimoners que estaven carregats de llimones, amb l&#8217;ajuda d&#8217;en Joan n&#8217;hem agafat un munt. Al tornar a la classe tamb\u00e9 les hem manipulat, observat i dibuixat. La segona sessi\u00f3 (26\/01\/18) hem fet LLIMONADAAA!!! I, per cert, ha quedat bon\u00edssima! A continuaci\u00f3 podeu veure com l&#8217;hem fet i aix\u00ed us podeu animar a fer-la a casa:<\/p>\n<p><a href=\"https:\/\/photos.app.goo.gl\/HPlyT0BKYTenJU9V2\">EXPERIMENTACI\u00d3 P4: LLIMONES<\/a><\/p>\n","protected":false},"excerpt":{"rendered":"<p>Hem dedicat dos divendres d&#8217;experimentaci\u00f3 a descobrir els llimoners de l&#8217;escola, i ens ha agradat molt\u00edssim! La primera sessi\u00f3 vam veure, olorar i tocar les fulles i despr\u00e9s les vam resseguir. Despr\u00e9s vam anar a veure en directe els llimoners que estaven carregats de llimones,&hellip;  <a href=\"https:\/\/agora.xtec.cat\/ceip-torre-llauder-mataro\/infantil\/i5\/llimones-llimoner-i-llimonada\/\" title=\"Read LLIMONES, LLIMONER I LLIMONADA!!\">Llegeix m\u00e9s\u00bb<\/a><\/p>\n","protected":false},"author":21,"featured_media":0,"comment_status":"open","ping_status":"closed","sticky":false,"template":"","format":"standard","meta":{"_bbp_topic_count":0,"_bbp_reply_count":0,"_bbp_total_topic_count":0,"_bbp_total_reply_count":0,"_bbp_voice_count":0,"_bbp_anonymous_reply_count":0,"_bbp_topic_count_hidden":0,"_bbp_reply_count_hidden":0,"_bbp_forum_subforum_count":0,"footnotes":""},"categories":[8],"tags":[],"class_list":["post-1400","post","type-post","status-publish","format-standard","hentry","category-i5"],"post_mailing_queue_ids":[],"_links":{"self":[{"href":"https:\/\/agora.xtec.cat\/ceip-torre-llauder-mataro\/wp-json\/wp\/v2\/posts\/1400","targetHints":{"allow":["GET"]}}],"collection":[{"href":"https:\/\/agora.xtec.cat\/ceip-torre-llauder-mataro\/wp-json\/wp\/v2\/posts"}],"about":[{"href":"https:\/\/agora.xtec.cat\/ceip-torre-llauder-mataro\/wp-json\/wp\/v2\/types\/post"}],"author":[{"embeddable":true,"href":"https:\/\/agora.xtec.cat\/ceip-torre-llauder-mataro\/wp-json\/wp\/v2\/users\/21"}],"replies":[{"embeddable":true,"href":"https:\/\/agora.xtec.cat\/ceip-torre-llauder-mataro\/wp-json\/wp\/v2\/comments?post=1400"}],"version-history":[{"count":1,"href":"https:\/\/agora.xtec.cat\/ceip-torre-llauder-mataro\/wp-json\/wp\/v2\/posts\/1400\/revisions"}],"predecessor-version":[{"id":1401,"href":"https:\/\/agora.xtec.cat\/ceip-torre-llauder-mataro\/wp-json\/wp\/v2\/posts\/1400\/revisions\/1401"}],"wp:attachment":[{"href":"https:\/\/agora.xtec.cat\/ceip-torre-llauder-mataro\/wp-json\/wp\/v2\/media?parent=1400"}],"wp:term":[{"taxonomy":"category","embeddable":true,"href":"https:\/\/agora.xtec.cat\/ceip-torre-llauder-mataro\/wp-json\/wp\/v2\/categories?post=1400"},{"taxonomy":"post_tag","embeddable":true,"href":"https:\/\/agora.xtec.cat\/ceip-torre-llauder-mataro\/wp-json\/wp\/v2\/tags?post=1400"}],"curies":[{"name":"wp","href":"https:\/\/api.w.org\/{rel}","templated":true}]}}