{"id":1381,"date":"2018-01-20T14:35:53","date_gmt":"2018-01-20T13:35:53","guid":{"rendered":"http:\/\/agora.xtec.cat\/ceip-torre-llauder-mataro\/?p=1381"},"modified":"2018-03-15T11:25:32","modified_gmt":"2018-03-15T10:25:32","slug":"tallers-de-plastica-2n-trim","status":"publish","type":"post","link":"https:\/\/agora.xtec.cat\/ceip-torre-llauder-mataro\/infantil\/tallers-de-plastica-2n-trim\/","title":{"rendered":"TALLERS DE PL\u00c0STICA 2n TRIM"},"content":{"rendered":"<p>Arrenquem els tallers de pl\u00e0stica amb els grups de nens i nenes barrejats de P3, P4 i P5.<\/p>\n<p>Les propostes d&#8217;aquest trimestre s\u00f3n variades i ajuden a aprendre o millorar diferents t\u00e8cniques i tamb\u00e9 a potenciar la creativitat dels nens\/es, a l&#8217;hora que compareteixen, s&#8217;ajuden i aprenen un dels altres. El seu desenvolupament art\u00edstic tamb\u00e9 \u00e9s molt important!!<\/p>\n<p>Durant el trimestre faran pintura sobre paper d&#8217;alumini, coneixeran i s&#8217;inspiraran en l&#8217;obra de Mondrian, faran un portallapis amb material reciclat, crearan un monstre a partir un joc de n\u00fameros i muntaran un collage amb diferents elements.<\/p>\n<p><a href=\"https:\/\/photos.app.goo.gl\/TPT7kudVQpC9Fjsb2\">TALLERS PL\u00c0STICA 1 (18\/01\/18)<\/a><\/p>\n<p><a href=\"https:\/\/photos.app.goo.gl\/Sfojy1wICQcOXFmB2\">TALLERS PL\u00c0STICA 2 (25\/01\/18)<\/a><\/p>\n<p><a href=\"https:\/\/photos.app.goo.gl\/FkhiW8Rcga4H2lZB2\">TALLERS PL\u00c0STICA 3 (15\/02\/18)<\/a><\/p>\n<p><a href=\"https:\/\/photos.app.goo.gl\/5zd61RJdenqXdqyO2\">Tallers pl\u00e0stica 4 (1\/03\/18)<\/a><\/p>\n<p><a href=\"https:\/\/photos.app.goo.gl\/yJQ2BfGApqny43eD2\">PL\u00c0STICA 5<\/a><\/p>\n<p>&nbsp;<\/p>\n","protected":false},"excerpt":{"rendered":"<p>Arrenquem els tallers de pl\u00e0stica amb els grups de nens i nenes barrejats de P3, P4 i P5.<br \/>\nLes propostes d&#8217;aquest trimestre s\u00f3n variades i ajuden a aprendre o millorar diferents t\u00e8cniques i tamb\u00e9 a potenciar la creativitat dels nens\/es, a l&#8217;hora que compareteixen, s&#8217;ajuden i&hellip;  <a href=\"https:\/\/agora.xtec.cat\/ceip-torre-llauder-mataro\/infantil\/tallers-de-plastica-2n-trim\/\" title=\"Read TALLERS DE PL\u00c0STICA 2n TRIM\">Llegeix m\u00e9s\u00bb<\/a><\/p>\n","protected":false},"author":21,"featured_media":0,"comment_status":"open","ping_status":"closed","sticky":false,"template":"","format":"standard","meta":{"_bbp_topic_count":0,"_bbp_reply_count":0,"_bbp_total_topic_count":0,"_bbp_total_reply_count":0,"_bbp_voice_count":0,"_bbp_anonymous_reply_count":0,"_bbp_topic_count_hidden":0,"_bbp_reply_count_hidden":0,"_bbp_forum_subforum_count":0,"footnotes":""},"categories":[9,3,8,2],"tags":[],"class_list":["post-1381","post","type-post","status-publish","format-standard","hentry","category-1r","category-i4","category-i5","category-infantil"],"post_mailing_queue_ids":[],"_links":{"self":[{"href":"https:\/\/agora.xtec.cat\/ceip-torre-llauder-mataro\/wp-json\/wp\/v2\/posts\/1381","targetHints":{"allow":["GET"]}}],"collection":[{"href":"https:\/\/agora.xtec.cat\/ceip-torre-llauder-mataro\/wp-json\/wp\/v2\/posts"}],"about":[{"href":"https:\/\/agora.xtec.cat\/ceip-torre-llauder-mataro\/wp-json\/wp\/v2\/types\/post"}],"author":[{"embeddable":true,"href":"https:\/\/agora.xtec.cat\/ceip-torre-llauder-mataro\/wp-json\/wp\/v2\/users\/21"}],"replies":[{"embeddable":true,"href":"https:\/\/agora.xtec.cat\/ceip-torre-llauder-mataro\/wp-json\/wp\/v2\/comments?post=1381"}],"version-history":[{"count":3,"href":"https:\/\/agora.xtec.cat\/ceip-torre-llauder-mataro\/wp-json\/wp\/v2\/posts\/1381\/revisions"}],"predecessor-version":[{"id":1522,"href":"https:\/\/agora.xtec.cat\/ceip-torre-llauder-mataro\/wp-json\/wp\/v2\/posts\/1381\/revisions\/1522"}],"wp:attachment":[{"href":"https:\/\/agora.xtec.cat\/ceip-torre-llauder-mataro\/wp-json\/wp\/v2\/media?parent=1381"}],"wp:term":[{"taxonomy":"category","embeddable":true,"href":"https:\/\/agora.xtec.cat\/ceip-torre-llauder-mataro\/wp-json\/wp\/v2\/categories?post=1381"},{"taxonomy":"post_tag","embeddable":true,"href":"https:\/\/agora.xtec.cat\/ceip-torre-llauder-mataro\/wp-json\/wp\/v2\/tags?post=1381"}],"curies":[{"name":"wp","href":"https:\/\/api.w.org\/{rel}","templated":true}]}}