{"id":1377,"date":"2018-01-14T21:09:48","date_gmt":"2018-01-14T20:09:48","guid":{"rendered":"http:\/\/agora.xtec.cat\/ceip-torre-llauder-mataro\/?p=1377"},"modified":"2018-03-01T12:34:47","modified_gmt":"2018-03-01T11:34:47","slug":"joc-simbolic-2on-trimestre","status":"publish","type":"post","link":"https:\/\/agora.xtec.cat\/ceip-torre-llauder-mataro\/infantil\/joc-simbolic-2on-trimestre\/","title":{"rendered":"JOC SIMB\u00d2LIC (2n Trimestre)"},"content":{"rendered":"<p>Arrenquem els racons de joc simb\u00f2lic en petit grups internivells (nens i nenes dels diferents cursos barrejats: P3, P4 i P5). A continuaci\u00f3 anirem afegint les fotos de les diferents sessions del trimestre:<\/p>\n<p><a href=\"https:\/\/photos.app.goo.gl\/XujupV4EcUM7QWVg2\">1a sessi\u00f3 de jocsimb\u00f2lic &#8211; 12\/01\/2018-<\/a><\/p>\n<p><a href=\"https:\/\/photos.app.goo.gl\/K4V4a8qhjBPzesCJ2\">2a sessi\u00f3 de joc simb\u00f2lic -19\/01\/2018<\/a><\/p>\n<p><a href=\"http:\/\/agora.xtec.cat\/ceip-torre-llauder-mataro\/infantil\/p4\/llimones-llimoner-i-llimonada\/\">3a sessi\u00f3 de joc simb\u00f2lic &#8211; 2\/02\/2018<\/a><\/p>\n<p><a href=\"https:\/\/photos.app.goo.gl\/XqAHPkFvTFFUlLri1\">4a sessi\u00f3 de joc simb\u00f2lic -16\/02\/18-<\/a><\/p>\n<p>&nbsp;<\/p>\n","protected":false},"excerpt":{"rendered":"<p>Arrenquem els racons de joc simb\u00f2lic en petit grups internivells (nens i nenes dels diferents cursos barrejats: P3, P4 i P5). A continuaci\u00f3 anirem afegint les fotos de les diferents sessions del trimestre:<br \/>\n<a href=\"https:\/\/photos.app.goo.gl\/XujupV4EcUM7QWVg2\">1a sessi\u00f3 de jocsimb\u00f2lic &#8211; 12\/01\/2018-<\/a><br \/>\n<a href=\"https:\/\/photos.app.goo.gl\/K4V4a8qhjBPzesCJ2\">2a sessi\u00f3 de joc simb\u00f2lic -19\/01\/2018<\/a><br \/>\n<a&hellip;  <a href=\"https:\/\/agora.xtec.cat\/ceip-torre-llauder-mataro\/infantil\/joc-simbolic-2on-trimestre\/\" title=\"Read JOC SIMB\u00d2LIC (2n Trimestre)\">Llegeix m\u00e9s\u00bb<\/a><\/p>\n","protected":false},"author":21,"featured_media":0,"comment_status":"open","ping_status":"closed","sticky":false,"template":"","format":"standard","meta":{"_bbp_topic_count":0,"_bbp_reply_count":0,"_bbp_total_topic_count":0,"_bbp_total_reply_count":0,"_bbp_voice_count":0,"_bbp_anonymous_reply_count":0,"_bbp_topic_count_hidden":0,"_bbp_reply_count_hidden":0,"_bbp_forum_subforum_count":0,"footnotes":""},"categories":[9,3,8,2],"tags":[],"class_list":["post-1377","post","type-post","status-publish","format-standard","hentry","category-1r","category-i4","category-i5","category-infantil"],"post_mailing_queue_ids":[],"_links":{"self":[{"href":"https:\/\/agora.xtec.cat\/ceip-torre-llauder-mataro\/wp-json\/wp\/v2\/posts\/1377","targetHints":{"allow":["GET"]}}],"collection":[{"href":"https:\/\/agora.xtec.cat\/ceip-torre-llauder-mataro\/wp-json\/wp\/v2\/posts"}],"about":[{"href":"https:\/\/agora.xtec.cat\/ceip-torre-llauder-mataro\/wp-json\/wp\/v2\/types\/post"}],"author":[{"embeddable":true,"href":"https:\/\/agora.xtec.cat\/ceip-torre-llauder-mataro\/wp-json\/wp\/v2\/users\/21"}],"replies":[{"embeddable":true,"href":"https:\/\/agora.xtec.cat\/ceip-torre-llauder-mataro\/wp-json\/wp\/v2\/comments?post=1377"}],"version-history":[{"count":3,"href":"https:\/\/agora.xtec.cat\/ceip-torre-llauder-mataro\/wp-json\/wp\/v2\/posts\/1377\/revisions"}],"predecessor-version":[{"id":1470,"href":"https:\/\/agora.xtec.cat\/ceip-torre-llauder-mataro\/wp-json\/wp\/v2\/posts\/1377\/revisions\/1470"}],"wp:attachment":[{"href":"https:\/\/agora.xtec.cat\/ceip-torre-llauder-mataro\/wp-json\/wp\/v2\/media?parent=1377"}],"wp:term":[{"taxonomy":"category","embeddable":true,"href":"https:\/\/agora.xtec.cat\/ceip-torre-llauder-mataro\/wp-json\/wp\/v2\/categories?post=1377"},{"taxonomy":"post_tag","embeddable":true,"href":"https:\/\/agora.xtec.cat\/ceip-torre-llauder-mataro\/wp-json\/wp\/v2\/tags?post=1377"}],"curies":[{"name":"wp","href":"https:\/\/api.w.org\/{rel}","templated":true}]}}