{"id":1370,"date":"2018-01-08T22:18:38","date_gmt":"2018-01-08T21:18:38","guid":{"rendered":"http:\/\/agora.xtec.cat\/ceip-torre-llauder-mataro\/?p=1370"},"modified":"2018-01-08T22:21:02","modified_gmt":"2018-01-08T21:21:02","slug":"22-de-desembre","status":"publish","type":"post","link":"https:\/\/agora.xtec.cat\/ceip-torre-llauder-mataro\/infantil\/22-de-desembre\/","title":{"rendered":"22 DE DESEMBRE"},"content":{"rendered":"<p>L&#8217;\u00fatim dia del primer trimestre \u00e9s un dia d&#8217;il.lusi\u00f3 ple de sorpreses!! Primer fem cagar al Ti\u00f3, que hem estat cuidant i alimentant amb molt d&#8217;afecte. Despr\u00e9s de jugar una estona amb el regal del Ti\u00f3 arriba l&#8217;hora d&#8217;esmorzar i avui tenim xocolata calenta i coca, mmmmmmmh bon\u00edssim!!! El snois i noies de 6\u00e8 ens la preparen i reparteixen.<\/p>\n<p>Finalment hem rebut la visita del patge a qui li donarem les cartes de les classes on hem demanat desitjos als Reis. Que elegant que ha vingut!!<\/p>\n<p><a href=\"https:\/\/photos.app.goo.gl\/zvnoJkc0SE02Hxuz1\">https:\/\/photos.app.goo.gl\/zvnoJkc0SE02Hxuz1<\/a><\/p>\n<p>&nbsp;<\/p>\n","protected":false},"excerpt":{"rendered":"<p>L&#8217;\u00fatim dia del primer trimestre \u00e9s un dia d&#8217;il.lusi\u00f3 ple de sorpreses!! Primer fem cagar al Ti\u00f3, que hem estat cuidant i alimentant amb molt d&#8217;afecte. Despr\u00e9s de jugar una estona amb el regal del Ti\u00f3 arriba l&#8217;hora d&#8217;esmorzar i avui tenim xocolata calenta i&hellip;  <a href=\"https:\/\/agora.xtec.cat\/ceip-torre-llauder-mataro\/infantil\/22-de-desembre\/\" title=\"Read 22 DE DESEMBRE\">Llegeix m\u00e9s\u00bb<\/a><\/p>\n","protected":false},"author":21,"featured_media":0,"comment_status":"open","ping_status":"closed","sticky":false,"template":"","format":"standard","meta":{"_bbp_topic_count":0,"_bbp_reply_count":0,"_bbp_total_topic_count":0,"_bbp_total_reply_count":0,"_bbp_voice_count":0,"_bbp_anonymous_reply_count":0,"_bbp_topic_count_hidden":0,"_bbp_reply_count_hidden":0,"_bbp_forum_subforum_count":0,"footnotes":""},"categories":[9,3,8,2],"tags":[],"class_list":["post-1370","post","type-post","status-publish","format-standard","hentry","category-1r","category-i4","category-i5","category-infantil"],"post_mailing_queue_ids":[],"_links":{"self":[{"href":"https:\/\/agora.xtec.cat\/ceip-torre-llauder-mataro\/wp-json\/wp\/v2\/posts\/1370","targetHints":{"allow":["GET"]}}],"collection":[{"href":"https:\/\/agora.xtec.cat\/ceip-torre-llauder-mataro\/wp-json\/wp\/v2\/posts"}],"about":[{"href":"https:\/\/agora.xtec.cat\/ceip-torre-llauder-mataro\/wp-json\/wp\/v2\/types\/post"}],"author":[{"embeddable":true,"href":"https:\/\/agora.xtec.cat\/ceip-torre-llauder-mataro\/wp-json\/wp\/v2\/users\/21"}],"replies":[{"embeddable":true,"href":"https:\/\/agora.xtec.cat\/ceip-torre-llauder-mataro\/wp-json\/wp\/v2\/comments?post=1370"}],"version-history":[{"count":2,"href":"https:\/\/agora.xtec.cat\/ceip-torre-llauder-mataro\/wp-json\/wp\/v2\/posts\/1370\/revisions"}],"predecessor-version":[{"id":1372,"href":"https:\/\/agora.xtec.cat\/ceip-torre-llauder-mataro\/wp-json\/wp\/v2\/posts\/1370\/revisions\/1372"}],"wp:attachment":[{"href":"https:\/\/agora.xtec.cat\/ceip-torre-llauder-mataro\/wp-json\/wp\/v2\/media?parent=1370"}],"wp:term":[{"taxonomy":"category","embeddable":true,"href":"https:\/\/agora.xtec.cat\/ceip-torre-llauder-mataro\/wp-json\/wp\/v2\/categories?post=1370"},{"taxonomy":"post_tag","embeddable":true,"href":"https:\/\/agora.xtec.cat\/ceip-torre-llauder-mataro\/wp-json\/wp\/v2\/tags?post=1370"}],"curies":[{"name":"wp","href":"https:\/\/api.w.org\/{rel}","templated":true}]}}