{"id":1366,"date":"2018-01-08T18:54:12","date_gmt":"2018-01-08T17:54:12","guid":{"rendered":"http:\/\/agora.xtec.cat\/ceip-torre-llauder-mataro\/?p=1366"},"modified":"2018-01-08T21:58:49","modified_gmt":"2018-01-08T20:58:49","slug":"final-del-1er-trimestre","status":"publish","type":"post","link":"https:\/\/agora.xtec.cat\/ceip-torre-llauder-mataro\/infantil\/i5\/final-del-1er-trimestre\/","title":{"rendered":"Final del 1er trimestre"},"content":{"rendered":"<p>Durant el mes de desembre s&#8217;han de fer un munt de feines, ja que cal preparar el Nadal i tamb\u00e9 tancar el primer trimestre: fer la portada de l&#8217;\u00e0lbum, la postal, el ninot de neu per penjar a l&#8217;arbre, la carta als Reis, tamb\u00e9 guardar totes les feines a l&#8217;\u00e0lbum per dur cap a casa&#8230; quina feinada!! per\u00f2 ho hem gaudit molt i sense adonar-nos hem practicat moltes coses (vocabulari, retallar, enganxar, potenciar la creativitat, les festes i les tradicions&#8230;.)<\/p>\n<p><a href=\"https:\/\/photos.app.goo.gl\/EGAaZWiUPY7YUc003\">Feines desembre P4<\/a><\/p>\n","protected":false},"excerpt":{"rendered":"<p>Durant el mes de desembre s&#8217;han de fer un munt de feines, ja que cal preparar el Nadal i tamb\u00e9 tancar el primer trimestre: fer la portada de l&#8217;\u00e0lbum, la postal, el ninot de neu per penjar a l&#8217;arbre, la carta als Reis, tamb\u00e9 guardar&hellip;  <a href=\"https:\/\/agora.xtec.cat\/ceip-torre-llauder-mataro\/infantil\/i5\/final-del-1er-trimestre\/\" title=\"Read Final del 1er trimestre\">Llegeix m\u00e9s\u00bb<\/a><\/p>\n","protected":false},"author":21,"featured_media":0,"comment_status":"open","ping_status":"closed","sticky":false,"template":"","format":"standard","meta":{"_bbp_topic_count":0,"_bbp_reply_count":0,"_bbp_total_topic_count":0,"_bbp_total_reply_count":0,"_bbp_voice_count":0,"_bbp_anonymous_reply_count":0,"_bbp_topic_count_hidden":0,"_bbp_reply_count_hidden":0,"_bbp_forum_subforum_count":0,"footnotes":""},"categories":[8],"tags":[],"class_list":["post-1366","post","type-post","status-publish","format-standard","hentry","category-i5"],"post_mailing_queue_ids":[],"_links":{"self":[{"href":"https:\/\/agora.xtec.cat\/ceip-torre-llauder-mataro\/wp-json\/wp\/v2\/posts\/1366","targetHints":{"allow":["GET"]}}],"collection":[{"href":"https:\/\/agora.xtec.cat\/ceip-torre-llauder-mataro\/wp-json\/wp\/v2\/posts"}],"about":[{"href":"https:\/\/agora.xtec.cat\/ceip-torre-llauder-mataro\/wp-json\/wp\/v2\/types\/post"}],"author":[{"embeddable":true,"href":"https:\/\/agora.xtec.cat\/ceip-torre-llauder-mataro\/wp-json\/wp\/v2\/users\/21"}],"replies":[{"embeddable":true,"href":"https:\/\/agora.xtec.cat\/ceip-torre-llauder-mataro\/wp-json\/wp\/v2\/comments?post=1366"}],"version-history":[{"count":2,"href":"https:\/\/agora.xtec.cat\/ceip-torre-llauder-mataro\/wp-json\/wp\/v2\/posts\/1366\/revisions"}],"predecessor-version":[{"id":1368,"href":"https:\/\/agora.xtec.cat\/ceip-torre-llauder-mataro\/wp-json\/wp\/v2\/posts\/1366\/revisions\/1368"}],"wp:attachment":[{"href":"https:\/\/agora.xtec.cat\/ceip-torre-llauder-mataro\/wp-json\/wp\/v2\/media?parent=1366"}],"wp:term":[{"taxonomy":"category","embeddable":true,"href":"https:\/\/agora.xtec.cat\/ceip-torre-llauder-mataro\/wp-json\/wp\/v2\/categories?post=1366"},{"taxonomy":"post_tag","embeddable":true,"href":"https:\/\/agora.xtec.cat\/ceip-torre-llauder-mataro\/wp-json\/wp\/v2\/tags?post=1366"}],"curies":[{"name":"wp","href":"https:\/\/api.w.org\/{rel}","templated":true}]}}