{"id":1352,"date":"2017-12-06T21:41:59","date_gmt":"2017-12-06T20:41:59","guid":{"rendered":"http:\/\/agora.xtec.cat\/ceip-torre-llauder-mataro\/?p=1352"},"modified":"2017-12-06T21:41:59","modified_gmt":"2017-12-06T20:41:59","slug":"p4-exp-plantem-llenties","status":"publish","type":"post","link":"https:\/\/agora.xtec.cat\/ceip-torre-llauder-mataro\/infantil\/i5\/p4-exp-plantem-llenties\/","title":{"rendered":"P4 EXP: PLANTEM LLENTIES"},"content":{"rendered":"<p>Avui ha tocat experimentar amb llenties. Les hem mirat, tocat i comptat. Despr\u00e9s les hem posat amb cot\u00f3 i una mica d&#8217;aigua i &#8230; haurem d&#8217;esperar a veure qu\u00e8 passa. Tenim varies hip\u00f2tesi!!<\/p>\n<p><a href=\"https:\/\/photos.app.goo.gl\/6p6LMfD3sjgQrpP52\">P4 PLANTEM LLENTIES<\/a><\/p>\n","protected":false},"excerpt":{"rendered":"<p>Avui ha tocat experimentar amb llenties. Les hem mirat, tocat i comptat. Despr\u00e9s les hem posat amb cot\u00f3 i una mica d&#8217;aigua i &#8230; haurem d&#8217;esperar a veure qu\u00e8 passa. Tenim varies hip\u00f2tesi!!<br \/>\n<a href=\"https:\/\/photos.app.goo.gl\/6p6LMfD3sjgQrpP52\">P4 PLANTEM LLENTIES<\/a><\/p>\n","protected":false},"author":21,"featured_media":0,"comment_status":"open","ping_status":"closed","sticky":false,"template":"","format":"standard","meta":{"_bbp_topic_count":0,"_bbp_reply_count":0,"_bbp_total_topic_count":0,"_bbp_total_reply_count":0,"_bbp_voice_count":0,"_bbp_anonymous_reply_count":0,"_bbp_topic_count_hidden":0,"_bbp_reply_count_hidden":0,"_bbp_forum_subforum_count":0,"footnotes":""},"categories":[8],"tags":[],"class_list":["post-1352","post","type-post","status-publish","format-standard","hentry","category-i5"],"post_mailing_queue_ids":[],"_links":{"self":[{"href":"https:\/\/agora.xtec.cat\/ceip-torre-llauder-mataro\/wp-json\/wp\/v2\/posts\/1352","targetHints":{"allow":["GET"]}}],"collection":[{"href":"https:\/\/agora.xtec.cat\/ceip-torre-llauder-mataro\/wp-json\/wp\/v2\/posts"}],"about":[{"href":"https:\/\/agora.xtec.cat\/ceip-torre-llauder-mataro\/wp-json\/wp\/v2\/types\/post"}],"author":[{"embeddable":true,"href":"https:\/\/agora.xtec.cat\/ceip-torre-llauder-mataro\/wp-json\/wp\/v2\/users\/21"}],"replies":[{"embeddable":true,"href":"https:\/\/agora.xtec.cat\/ceip-torre-llauder-mataro\/wp-json\/wp\/v2\/comments?post=1352"}],"version-history":[{"count":1,"href":"https:\/\/agora.xtec.cat\/ceip-torre-llauder-mataro\/wp-json\/wp\/v2\/posts\/1352\/revisions"}],"predecessor-version":[{"id":1353,"href":"https:\/\/agora.xtec.cat\/ceip-torre-llauder-mataro\/wp-json\/wp\/v2\/posts\/1352\/revisions\/1353"}],"wp:attachment":[{"href":"https:\/\/agora.xtec.cat\/ceip-torre-llauder-mataro\/wp-json\/wp\/v2\/media?parent=1352"}],"wp:term":[{"taxonomy":"category","embeddable":true,"href":"https:\/\/agora.xtec.cat\/ceip-torre-llauder-mataro\/wp-json\/wp\/v2\/categories?post=1352"},{"taxonomy":"post_tag","embeddable":true,"href":"https:\/\/agora.xtec.cat\/ceip-torre-llauder-mataro\/wp-json\/wp\/v2\/tags?post=1352"}],"curies":[{"name":"wp","href":"https:\/\/api.w.org\/{rel}","templated":true}]}}