{"id":1343,"date":"2017-12-05T17:22:41","date_gmt":"2017-12-05T16:22:41","guid":{"rendered":"http:\/\/agora.xtec.cat\/ceip-torre-llauder-mataro\/?p=1343"},"modified":"2017-12-05T17:22:41","modified_gmt":"2017-12-05T16:22:41","slug":"apadrinaments-lectors-de-cicle-superior-a-ed-infantil","status":"publish","type":"post","link":"https:\/\/agora.xtec.cat\/ceip-torre-llauder-mataro\/general\/apadrinaments-lectors-de-cicle-superior-a-ed-infantil\/","title":{"rendered":"Apadrinaments Lectors de Cicle Superior a Ed.Infantil."},"content":{"rendered":"<p>Aquest any els alumnes de Cicle Superior ja han fet els <a href=\"https:\/\/photos.app.goo.gl\/nHkaILnP35p1hHeu1\">Apadrinaments<\/a> Lectors als m\u00e9s petits de l&#8217;escola.<\/p>\n<p>Els grans van a buscar els seus fillols\/les a les aules, van cap al pat\u00ed i all\u00e0 els hi expliquen un conte que s&#8217;han preparat anteriorment.<\/p>\n<p>La veritat \u00e9s que els m\u00e9s petits est\u00e1n molt atents\/es i els grans ho fan molt b\u00e9.<\/p>\n<p>Aquesta activitat la tornaran a fer durant el 2n trimestre.<\/p>\n<p><a href=\"https:\/\/photos.app.goo.gl\/nHkaILnP35p1hHeu1\">https:\/\/photos.app.goo.gl\/nHkaILnP35p1hHeu1<\/a><\/p>\n","protected":false},"excerpt":{"rendered":"<p>Aquest any els alumnes de Cicle Superior ja han fet els <a href=\"https:\/\/photos.app.goo.gl\/nHkaILnP35p1hHeu1\">Apadrinaments<\/a> Lectors als m\u00e9s petits de l&#8217;escola.<br \/>\nEls grans van a buscar els seus fillols\/les a les aules, van cap al pat\u00ed i all\u00e0 els hi expliquen un conte que s&#8217;han preparat anteriorment.<br \/>\nLa veritat&hellip;  <a href=\"https:\/\/agora.xtec.cat\/ceip-torre-llauder-mataro\/general\/apadrinaments-lectors-de-cicle-superior-a-ed-infantil\/\" title=\"Read Apadrinaments Lectors de Cicle Superior a Ed.Infantil.\">Llegeix m\u00e9s\u00bb<\/a><\/p>\n","protected":false},"author":24,"featured_media":0,"comment_status":"open","ping_status":"closed","sticky":false,"template":"","format":"standard","meta":{"_bbp_topic_count":0,"_bbp_reply_count":0,"_bbp_total_topic_count":0,"_bbp_total_reply_count":0,"_bbp_voice_count":0,"_bbp_anonymous_reply_count":0,"_bbp_topic_count_hidden":0,"_bbp_reply_count_hidden":0,"_bbp_forum_subforum_count":0,"footnotes":""},"categories":[14,1,2,4,15],"tags":[],"class_list":["post-1343","post","type-post","status-publish","format-standard","hentry","category-6e","category-general","category-infantil","category-portada","category-promocio-2009-2018"],"post_mailing_queue_ids":[],"_links":{"self":[{"href":"https:\/\/agora.xtec.cat\/ceip-torre-llauder-mataro\/wp-json\/wp\/v2\/posts\/1343","targetHints":{"allow":["GET"]}}],"collection":[{"href":"https:\/\/agora.xtec.cat\/ceip-torre-llauder-mataro\/wp-json\/wp\/v2\/posts"}],"about":[{"href":"https:\/\/agora.xtec.cat\/ceip-torre-llauder-mataro\/wp-json\/wp\/v2\/types\/post"}],"author":[{"embeddable":true,"href":"https:\/\/agora.xtec.cat\/ceip-torre-llauder-mataro\/wp-json\/wp\/v2\/users\/24"}],"replies":[{"embeddable":true,"href":"https:\/\/agora.xtec.cat\/ceip-torre-llauder-mataro\/wp-json\/wp\/v2\/comments?post=1343"}],"version-history":[{"count":1,"href":"https:\/\/agora.xtec.cat\/ceip-torre-llauder-mataro\/wp-json\/wp\/v2\/posts\/1343\/revisions"}],"predecessor-version":[{"id":1344,"href":"https:\/\/agora.xtec.cat\/ceip-torre-llauder-mataro\/wp-json\/wp\/v2\/posts\/1343\/revisions\/1344"}],"wp:attachment":[{"href":"https:\/\/agora.xtec.cat\/ceip-torre-llauder-mataro\/wp-json\/wp\/v2\/media?parent=1343"}],"wp:term":[{"taxonomy":"category","embeddable":true,"href":"https:\/\/agora.xtec.cat\/ceip-torre-llauder-mataro\/wp-json\/wp\/v2\/categories?post=1343"},{"taxonomy":"post_tag","embeddable":true,"href":"https:\/\/agora.xtec.cat\/ceip-torre-llauder-mataro\/wp-json\/wp\/v2\/tags?post=1343"}],"curies":[{"name":"wp","href":"https:\/\/api.w.org\/{rel}","templated":true}]}}