{"id":1329,"date":"2017-11-22T20:58:45","date_gmt":"2017-11-22T19:58:45","guid":{"rendered":"http:\/\/agora.xtec.cat\/ceip-torre-llauder-mataro\/?p=1329"},"modified":"2017-11-22T20:58:45","modified_gmt":"2017-11-22T19:58:45","slug":"experimentacio-lou-sura","status":"publish","type":"post","link":"https:\/\/agora.xtec.cat\/ceip-torre-llauder-mataro\/infantil\/i5\/experimentacio-lou-sura\/","title":{"rendered":"EXPERIMENTACI\u00d3: L&#8217;OU SURA?"},"content":{"rendered":"<p>La sessi\u00f3 d&#8217;avui ha estat molt interessant ja que hem tractat temes molt dif\u00edcils per\u00f2 des d&#8217;una idea molt senzilla. Els nens i nenes podien veure un ou surant en un l\u00edquid que aparentment era aigua, i tenien un pot amb l&#8217;ou. Han comen\u00e7at a afegir aigua al pot per veure si surava per\u00f2 ha resultat que no!! Per qu\u00e8? Doncs hem intentat investigar fins que hem vist que l&#8217;aigua on l&#8217;ou surava era salada. Afegint sal a l&#8217;aigua i remenant hem aconseguit que finalment l&#8217;ou sur\u00e8s. Ha estat molt xulo!!<\/p>\n<p><a href=\"https:\/\/photos.app.goo.gl\/Gj2uIaUG92DUMJVA2\">l&#8217;ou com sura<\/a><\/p>\n<p>&nbsp;<\/p>\n","protected":false},"excerpt":{"rendered":"<p>La sessi\u00f3 d&#8217;avui ha estat molt interessant ja que hem tractat temes molt dif\u00edcils per\u00f2 des d&#8217;una idea molt senzilla. Els nens i nenes podien veure un ou surant en un l\u00edquid que aparentment era aigua, i tenien un pot amb l&#8217;ou. Han comen\u00e7at a&hellip;  <a href=\"https:\/\/agora.xtec.cat\/ceip-torre-llauder-mataro\/infantil\/i5\/experimentacio-lou-sura\/\" title=\"Read EXPERIMENTACI\u00d3: L&#8217;OU SURA?\">Llegeix m\u00e9s\u00bb<\/a><\/p>\n","protected":false},"author":21,"featured_media":0,"comment_status":"open","ping_status":"closed","sticky":false,"template":"","format":"standard","meta":{"_bbp_topic_count":0,"_bbp_reply_count":0,"_bbp_total_topic_count":0,"_bbp_total_reply_count":0,"_bbp_voice_count":0,"_bbp_anonymous_reply_count":0,"_bbp_topic_count_hidden":0,"_bbp_reply_count_hidden":0,"_bbp_forum_subforum_count":0,"footnotes":""},"categories":[8],"tags":[],"class_list":["post-1329","post","type-post","status-publish","format-standard","hentry","category-i5"],"post_mailing_queue_ids":[],"_links":{"self":[{"href":"https:\/\/agora.xtec.cat\/ceip-torre-llauder-mataro\/wp-json\/wp\/v2\/posts\/1329","targetHints":{"allow":["GET"]}}],"collection":[{"href":"https:\/\/agora.xtec.cat\/ceip-torre-llauder-mataro\/wp-json\/wp\/v2\/posts"}],"about":[{"href":"https:\/\/agora.xtec.cat\/ceip-torre-llauder-mataro\/wp-json\/wp\/v2\/types\/post"}],"author":[{"embeddable":true,"href":"https:\/\/agora.xtec.cat\/ceip-torre-llauder-mataro\/wp-json\/wp\/v2\/users\/21"}],"replies":[{"embeddable":true,"href":"https:\/\/agora.xtec.cat\/ceip-torre-llauder-mataro\/wp-json\/wp\/v2\/comments?post=1329"}],"version-history":[{"count":1,"href":"https:\/\/agora.xtec.cat\/ceip-torre-llauder-mataro\/wp-json\/wp\/v2\/posts\/1329\/revisions"}],"predecessor-version":[{"id":1330,"href":"https:\/\/agora.xtec.cat\/ceip-torre-llauder-mataro\/wp-json\/wp\/v2\/posts\/1329\/revisions\/1330"}],"wp:attachment":[{"href":"https:\/\/agora.xtec.cat\/ceip-torre-llauder-mataro\/wp-json\/wp\/v2\/media?parent=1329"}],"wp:term":[{"taxonomy":"category","embeddable":true,"href":"https:\/\/agora.xtec.cat\/ceip-torre-llauder-mataro\/wp-json\/wp\/v2\/categories?post=1329"},{"taxonomy":"post_tag","embeddable":true,"href":"https:\/\/agora.xtec.cat\/ceip-torre-llauder-mataro\/wp-json\/wp\/v2\/tags?post=1329"}],"curies":[{"name":"wp","href":"https:\/\/api.w.org\/{rel}","templated":true}]}}