{"id":1322,"date":"2017-11-14T22:34:54","date_gmt":"2017-11-14T21:34:54","guid":{"rendered":"http:\/\/agora.xtec.cat\/ceip-torre-llauder-mataro\/?p=1322"},"modified":"2017-11-19T21:42:44","modified_gmt":"2017-11-19T20:42:44","slug":"tallers-de-plastica-ed-infantil","status":"publish","type":"post","link":"https:\/\/agora.xtec.cat\/ceip-torre-llauder-mataro\/infantil\/tallers-de-plastica-ed-infantil\/","title":{"rendered":"TALLERS DE PL\u00c0STICA ED. INFANTIL"},"content":{"rendered":"<p>Ja portem 3 sessions dels TALLERS DE PL\u00c0STICA i als nens i nenes els encanta!! Cada dijous a la tarda els posem el nombre a la m\u00e0 i mirem al calendari on els toca anar a cada grup, al llarg del trimestre tots els nens i nenes podran gaudir dels diferents tallers proposats, que s\u00f3n els seg\u00fcents:<\/p>\n<p>A P3 amb la Patry fang, per fer una creaci\u00f3 lliure i decorar-la amb diferents elements.<\/p>\n<p>A l&#8217;aula polivalent de la planta baixa amb la Sara fan pintura amb diferents t\u00e8cniques.<\/p>\n<p>Amb la Mireia de P4 tra\u00e7 amb retolador sobre paper de cuina, i tamb\u00e9 el decorem amb un comptagotes (per tal de veure com absorveix el l\u00edquid)<\/p>\n<p>A P5 amb l&#8217;Asun fem un collage que es converteix en un gos.<\/p>\n<p>A l&#8217;aula polivalent del 1er pis amb la Mireia de psico pintem amb ceres, primer de colors per despr\u00e9s cobrir-ho tot de negre, llavors es fa un dibuix a sobre amb un punx\u00f3.<\/p>\n<p><a href=\"https:\/\/photos.app.goo.gl\/ziaXrt9D9ARYbRa72\">TALLERS DE PL\u00c0STICA EI<\/a><\/p>\n<p><a href=\"https:\/\/photos.app.goo.gl\/Wwdx9iYUtE0aG66n1\">4a i 5a sessi\u00f3<\/a><\/p>\n","protected":false},"excerpt":{"rendered":"<p>Ja portem 3 sessions dels TALLERS DE PL\u00c0STICA i als nens i nenes els encanta!! Cada dijous a la tarda els posem el nombre a la m\u00e0 i mirem al calendari on els toca anar a cada grup, al llarg del trimestre tots els nens&hellip;  <a href=\"https:\/\/agora.xtec.cat\/ceip-torre-llauder-mataro\/infantil\/tallers-de-plastica-ed-infantil\/\" title=\"Read TALLERS DE PL\u00c0STICA ED. INFANTIL\">Llegeix m\u00e9s\u00bb<\/a><\/p>\n","protected":false},"author":21,"featured_media":0,"comment_status":"open","ping_status":"closed","sticky":false,"template":"","format":"standard","meta":{"_bbp_topic_count":0,"_bbp_reply_count":0,"_bbp_total_topic_count":0,"_bbp_total_reply_count":0,"_bbp_voice_count":0,"_bbp_anonymous_reply_count":0,"_bbp_topic_count_hidden":0,"_bbp_reply_count_hidden":0,"_bbp_forum_subforum_count":0,"footnotes":""},"categories":[9,3,8,2],"tags":[],"class_list":["post-1322","post","type-post","status-publish","format-standard","hentry","category-1r","category-i4","category-i5","category-infantil"],"post_mailing_queue_ids":[],"_links":{"self":[{"href":"https:\/\/agora.xtec.cat\/ceip-torre-llauder-mataro\/wp-json\/wp\/v2\/posts\/1322","targetHints":{"allow":["GET"]}}],"collection":[{"href":"https:\/\/agora.xtec.cat\/ceip-torre-llauder-mataro\/wp-json\/wp\/v2\/posts"}],"about":[{"href":"https:\/\/agora.xtec.cat\/ceip-torre-llauder-mataro\/wp-json\/wp\/v2\/types\/post"}],"author":[{"embeddable":true,"href":"https:\/\/agora.xtec.cat\/ceip-torre-llauder-mataro\/wp-json\/wp\/v2\/users\/21"}],"replies":[{"embeddable":true,"href":"https:\/\/agora.xtec.cat\/ceip-torre-llauder-mataro\/wp-json\/wp\/v2\/comments?post=1322"}],"version-history":[{"count":3,"href":"https:\/\/agora.xtec.cat\/ceip-torre-llauder-mataro\/wp-json\/wp\/v2\/posts\/1322\/revisions"}],"predecessor-version":[{"id":1327,"href":"https:\/\/agora.xtec.cat\/ceip-torre-llauder-mataro\/wp-json\/wp\/v2\/posts\/1322\/revisions\/1327"}],"wp:attachment":[{"href":"https:\/\/agora.xtec.cat\/ceip-torre-llauder-mataro\/wp-json\/wp\/v2\/media?parent=1322"}],"wp:term":[{"taxonomy":"category","embeddable":true,"href":"https:\/\/agora.xtec.cat\/ceip-torre-llauder-mataro\/wp-json\/wp\/v2\/categories?post=1322"},{"taxonomy":"post_tag","embeddable":true,"href":"https:\/\/agora.xtec.cat\/ceip-torre-llauder-mataro\/wp-json\/wp\/v2\/tags?post=1322"}],"curies":[{"name":"wp","href":"https:\/\/api.w.org\/{rel}","templated":true}]}}