{"id":1320,"date":"2017-11-14T22:12:47","date_gmt":"2017-11-14T21:12:47","guid":{"rendered":"http:\/\/agora.xtec.cat\/ceip-torre-llauder-mataro\/?p=1320"},"modified":"2018-03-03T01:33:26","modified_gmt":"2018-03-03T00:33:26","slug":"bufem-amb-canyetes","status":"publish","type":"post","link":"https:\/\/agora.xtec.cat\/ceip-torre-llauder-mataro\/infantil\/bufem-amb-canyetes\/","title":{"rendered":"BUFEM AMB CANYETES!!"},"content":{"rendered":"<p>Avui a experimentaci\u00f3 hem bufat amb canyetes!!! I ens ho hem passat molt b\u00e9!!<br \/>\nTamb\u00e9 hem provat a inflar globus,\u00a0 per\u00f2 ha estat m\u00e9s dif\u00edcil. ..<\/p>\n<p><a href=\"https:\/\/photos.app.goo.gl\/PCNH5VdDnyT8beq63\">Veure fotos bufant amb canyetes<\/a><\/p>\n","protected":false},"excerpt":{"rendered":"<p>Avui a experimentaci\u00f3 hem bufat amb canyetes!!! I ens ho hem passat molt b\u00e9!!<br \/>\nTamb\u00e9 hem provat a inflar globus,\u00a0 per\u00f2 ha estat m\u00e9s dif\u00edcil. ..<br \/>\n<a href=\"https:\/\/photos.app.goo.gl\/PCNH5VdDnyT8beq63\">Veure fotos bufant amb canyetes<\/a><\/p>\n","protected":false},"author":10,"featured_media":0,"comment_status":"open","ping_status":"closed","sticky":false,"template":"","format":"standard","meta":{"_bbp_topic_count":0,"_bbp_reply_count":0,"_bbp_total_topic_count":0,"_bbp_total_reply_count":0,"_bbp_voice_count":0,"_bbp_anonymous_reply_count":0,"_bbp_topic_count_hidden":0,"_bbp_reply_count_hidden":0,"_bbp_forum_subforum_count":0,"footnotes":""},"categories":[3,2],"tags":[],"class_list":["post-1320","post","type-post","status-publish","format-standard","hentry","category-i4","category-infantil"],"post_mailing_queue_ids":[],"_links":{"self":[{"href":"https:\/\/agora.xtec.cat\/ceip-torre-llauder-mataro\/wp-json\/wp\/v2\/posts\/1320","targetHints":{"allow":["GET"]}}],"collection":[{"href":"https:\/\/agora.xtec.cat\/ceip-torre-llauder-mataro\/wp-json\/wp\/v2\/posts"}],"about":[{"href":"https:\/\/agora.xtec.cat\/ceip-torre-llauder-mataro\/wp-json\/wp\/v2\/types\/post"}],"author":[{"embeddable":true,"href":"https:\/\/agora.xtec.cat\/ceip-torre-llauder-mataro\/wp-json\/wp\/v2\/users\/10"}],"replies":[{"embeddable":true,"href":"https:\/\/agora.xtec.cat\/ceip-torre-llauder-mataro\/wp-json\/wp\/v2\/comments?post=1320"}],"version-history":[{"count":2,"href":"https:\/\/agora.xtec.cat\/ceip-torre-llauder-mataro\/wp-json\/wp\/v2\/posts\/1320\/revisions"}],"predecessor-version":[{"id":1492,"href":"https:\/\/agora.xtec.cat\/ceip-torre-llauder-mataro\/wp-json\/wp\/v2\/posts\/1320\/revisions\/1492"}],"wp:attachment":[{"href":"https:\/\/agora.xtec.cat\/ceip-torre-llauder-mataro\/wp-json\/wp\/v2\/media?parent=1320"}],"wp:term":[{"taxonomy":"category","embeddable":true,"href":"https:\/\/agora.xtec.cat\/ceip-torre-llauder-mataro\/wp-json\/wp\/v2\/categories?post=1320"},{"taxonomy":"post_tag","embeddable":true,"href":"https:\/\/agora.xtec.cat\/ceip-torre-llauder-mataro\/wp-json\/wp\/v2\/tags?post=1320"}],"curies":[{"name":"wp","href":"https:\/\/api.w.org\/{rel}","templated":true}]}}