{"id":1302,"date":"2017-11-09T22:47:24","date_gmt":"2017-11-09T21:47:24","guid":{"rendered":"http:\/\/agora.xtec.cat\/ceip-torre-llauder-mataro\/?p=1302"},"modified":"2017-11-21T21:27:03","modified_gmt":"2017-11-21T20:27:03","slug":"experimentacio-canyetes","status":"publish","type":"post","link":"https:\/\/agora.xtec.cat\/ceip-torre-llauder-mataro\/infantil\/i5\/experimentacio-canyetes\/","title":{"rendered":"EXPERIMENTACIO P4: CANYETES"},"content":{"rendered":"<p>Avui a la sessi\u00f3 d&#8217;experimentaci\u00f3 hem pogut jugar amb les canyetes i bufant, bufant hem fet creacions amb pintura blava i groga aigualida. Tamb\u00e9 hem descobert que quan es barregen aquests dos colors apareix el VERD!! Ha anat molt b\u00e9 ja que hem pogut practicar la bufera. Uns dies m\u00e9s tard, quan la pintura ja estava seca, hem pogut deixar anar la creativitat i cada nen\/a ha pogut expressar que \u00e9s el que veia a la seva creaci\u00f3:<\/p>\n<p><a href=\"https:\/\/photos.app.goo.gl\/yCSPqp73PkHMs6Bs1\">Canyetes i Pintura<\/a><\/p>\n<p>&nbsp;<\/p>\n","protected":false},"excerpt":{"rendered":"<p>Avui a la sessi\u00f3 d&#8217;experimentaci\u00f3 hem pogut jugar amb les canyetes i bufant, bufant hem fet creacions amb pintura blava i groga aigualida. Tamb\u00e9 hem descobert que quan es barregen aquests dos colors apareix el VERD!! Ha anat molt b\u00e9 ja que hem pogut practicar&hellip;  <a href=\"https:\/\/agora.xtec.cat\/ceip-torre-llauder-mataro\/infantil\/i5\/experimentacio-canyetes\/\" title=\"Read EXPERIMENTACIO P4: CANYETES\">Llegeix m\u00e9s\u00bb<\/a><\/p>\n","protected":false},"author":21,"featured_media":0,"comment_status":"open","ping_status":"closed","sticky":false,"template":"","format":"standard","meta":{"_bbp_topic_count":0,"_bbp_reply_count":0,"_bbp_total_topic_count":0,"_bbp_total_reply_count":0,"_bbp_voice_count":0,"_bbp_anonymous_reply_count":0,"_bbp_topic_count_hidden":0,"_bbp_reply_count_hidden":0,"_bbp_forum_subforum_count":0,"footnotes":""},"categories":[8],"tags":[],"class_list":["post-1302","post","type-post","status-publish","format-standard","hentry","category-i5"],"post_mailing_queue_ids":[],"_links":{"self":[{"href":"https:\/\/agora.xtec.cat\/ceip-torre-llauder-mataro\/wp-json\/wp\/v2\/posts\/1302","targetHints":{"allow":["GET"]}}],"collection":[{"href":"https:\/\/agora.xtec.cat\/ceip-torre-llauder-mataro\/wp-json\/wp\/v2\/posts"}],"about":[{"href":"https:\/\/agora.xtec.cat\/ceip-torre-llauder-mataro\/wp-json\/wp\/v2\/types\/post"}],"author":[{"embeddable":true,"href":"https:\/\/agora.xtec.cat\/ceip-torre-llauder-mataro\/wp-json\/wp\/v2\/users\/21"}],"replies":[{"embeddable":true,"href":"https:\/\/agora.xtec.cat\/ceip-torre-llauder-mataro\/wp-json\/wp\/v2\/comments?post=1302"}],"version-history":[{"count":3,"href":"https:\/\/agora.xtec.cat\/ceip-torre-llauder-mataro\/wp-json\/wp\/v2\/posts\/1302\/revisions"}],"predecessor-version":[{"id":1328,"href":"https:\/\/agora.xtec.cat\/ceip-torre-llauder-mataro\/wp-json\/wp\/v2\/posts\/1302\/revisions\/1328"}],"wp:attachment":[{"href":"https:\/\/agora.xtec.cat\/ceip-torre-llauder-mataro\/wp-json\/wp\/v2\/media?parent=1302"}],"wp:term":[{"taxonomy":"category","embeddable":true,"href":"https:\/\/agora.xtec.cat\/ceip-torre-llauder-mataro\/wp-json\/wp\/v2\/categories?post=1302"},{"taxonomy":"post_tag","embeddable":true,"href":"https:\/\/agora.xtec.cat\/ceip-torre-llauder-mataro\/wp-json\/wp\/v2\/tags?post=1302"}],"curies":[{"name":"wp","href":"https:\/\/api.w.org\/{rel}","templated":true}]}}