{"id":1288,"date":"2017-11-01T20:52:45","date_gmt":"2017-11-01T19:52:45","guid":{"rendered":"http:\/\/agora.xtec.cat\/ceip-torre-llauder-mataro\/?p=1288"},"modified":"2017-11-01T20:52:45","modified_gmt":"2017-11-01T19:52:45","slug":"piruletes-de-xocolata-p4","status":"publish","type":"post","link":"https:\/\/agora.xtec.cat\/ceip-torre-llauder-mataro\/infantil\/piruletes-de-xocolata-p4\/","title":{"rendered":"Piruletes de xocolata &#8211; P4"},"content":{"rendered":"<p>Suposo que ja heu pogut gaudir de la recepta que han realitzat els nens i nenes de P4, aquest any piruletes de xocolata, que a m\u00e9s de molt maques han quedat bon\u00edssimes!! A veure si us animeu a fer-les a casa, podeu afegir els ingredients que m\u00e9s us agradin!!<\/p>\n<p><a href=\"https:\/\/photos.app.goo.gl\/L1VpPR2WDO34SYKk1\">P4 piruletes de xoco<\/a><\/p>\n","protected":false},"excerpt":{"rendered":"<p>Suposo que ja heu pogut gaudir de la recepta que han realitzat els nens i nenes de P4, aquest any piruletes de xocolata, que a m\u00e9s de molt maques han quedat bon\u00edssimes!! A veure si us animeu a fer-les a casa, podeu afegir els ingredients&hellip;  <a href=\"https:\/\/agora.xtec.cat\/ceip-torre-llauder-mataro\/infantil\/piruletes-de-xocolata-p4\/\" title=\"Read Piruletes de xocolata &#8211; P4\">Llegeix m\u00e9s\u00bb<\/a><\/p>\n","protected":false},"author":21,"featured_media":0,"comment_status":"open","ping_status":"closed","sticky":false,"template":"","format":"standard","meta":{"_bbp_topic_count":0,"_bbp_reply_count":0,"_bbp_total_topic_count":0,"_bbp_total_reply_count":0,"_bbp_voice_count":0,"_bbp_anonymous_reply_count":0,"_bbp_topic_count_hidden":0,"_bbp_reply_count_hidden":0,"_bbp_forum_subforum_count":0,"footnotes":""},"categories":[8,2],"tags":[],"class_list":["post-1288","post","type-post","status-publish","format-standard","hentry","category-i5","category-infantil"],"post_mailing_queue_ids":[],"_links":{"self":[{"href":"https:\/\/agora.xtec.cat\/ceip-torre-llauder-mataro\/wp-json\/wp\/v2\/posts\/1288","targetHints":{"allow":["GET"]}}],"collection":[{"href":"https:\/\/agora.xtec.cat\/ceip-torre-llauder-mataro\/wp-json\/wp\/v2\/posts"}],"about":[{"href":"https:\/\/agora.xtec.cat\/ceip-torre-llauder-mataro\/wp-json\/wp\/v2\/types\/post"}],"author":[{"embeddable":true,"href":"https:\/\/agora.xtec.cat\/ceip-torre-llauder-mataro\/wp-json\/wp\/v2\/users\/21"}],"replies":[{"embeddable":true,"href":"https:\/\/agora.xtec.cat\/ceip-torre-llauder-mataro\/wp-json\/wp\/v2\/comments?post=1288"}],"version-history":[{"count":1,"href":"https:\/\/agora.xtec.cat\/ceip-torre-llauder-mataro\/wp-json\/wp\/v2\/posts\/1288\/revisions"}],"predecessor-version":[{"id":1289,"href":"https:\/\/agora.xtec.cat\/ceip-torre-llauder-mataro\/wp-json\/wp\/v2\/posts\/1288\/revisions\/1289"}],"wp:attachment":[{"href":"https:\/\/agora.xtec.cat\/ceip-torre-llauder-mataro\/wp-json\/wp\/v2\/media?parent=1288"}],"wp:term":[{"taxonomy":"category","embeddable":true,"href":"https:\/\/agora.xtec.cat\/ceip-torre-llauder-mataro\/wp-json\/wp\/v2\/categories?post=1288"},{"taxonomy":"post_tag","embeddable":true,"href":"https:\/\/agora.xtec.cat\/ceip-torre-llauder-mataro\/wp-json\/wp\/v2\/tags?post=1288"}],"curies":[{"name":"wp","href":"https:\/\/api.w.org\/{rel}","templated":true}]}}