{"id":1225,"date":"2017-10-25T20:33:51","date_gmt":"2017-10-25T18:33:51","guid":{"rendered":"http:\/\/agora.xtec.cat\/ceip-torre-llauder-mataro\/?p=1225"},"modified":"2017-11-07T19:36:30","modified_gmt":"2017-11-07T18:36:30","slug":"tast-fruit-de-la-tardor","status":"publish","type":"post","link":"https:\/\/agora.xtec.cat\/ceip-torre-llauder-mataro\/infantil\/tast-fruit-de-la-tardor\/","title":{"rendered":"TAST FRUIT DE LA TARDOR"},"content":{"rendered":"<p>Aquest any farem el tastet de fruits i fruites de la tardor en dos dies per tal que els nens\/es puguin aprofundir m\u00e9s en les caracter\u00edstiques dels elements presentats, avui (20\/10\/17) ens hem centrat en les castanyes, la magrana i el ra\u00efm. Ho hem vist, tocat, olorat i tastat. Tamb\u00e9 hem apr\u00e9s a desgranar la magrana! i despr\u00e9s hem fet el dibuix d&#8217;aquell que m\u00e9s ens ha agradat.<\/p>\n<p>Aqu\u00ed podeu veure les fotos del\u00a0<a href=\"https:\/\/photos.app.goo.gl\/Xg1kXh9MHlB7DeiL2\">TAST DE LA TARDOR<\/a><\/p>\n<p>Segona sessi\u00f3 de tastet!! Avui, 27 d&#8217;octubre, ha tocat el torn al caqui, les anous i la mandarina:<\/p>\n<p><a href=\"https:\/\/photos.app.goo.gl\/5BvIvxPqh3EsH3972\">SEGON TAST DE LA TARDOR<\/a><\/p>\n","protected":false},"excerpt":{"rendered":"<p>Aquest any farem el tastet de fruits i fruites de la tardor en dos dies per tal que els nens\/es puguin aprofundir m\u00e9s en les caracter\u00edstiques dels elements presentats, avui (20\/10\/17) ens hem centrat en les castanyes, la magrana i el ra\u00efm. Ho hem vist,&hellip;  <a href=\"https:\/\/agora.xtec.cat\/ceip-torre-llauder-mataro\/infantil\/tast-fruit-de-la-tardor\/\" title=\"Read TAST FRUIT DE LA TARDOR\">Llegeix m\u00e9s\u00bb<\/a><\/p>\n","protected":false},"author":21,"featured_media":0,"comment_status":"open","ping_status":"closed","sticky":false,"template":"","format":"standard","meta":{"_bbp_topic_count":0,"_bbp_reply_count":0,"_bbp_total_topic_count":0,"_bbp_total_reply_count":0,"_bbp_voice_count":0,"_bbp_anonymous_reply_count":0,"_bbp_topic_count_hidden":0,"_bbp_reply_count_hidden":0,"_bbp_forum_subforum_count":0,"footnotes":""},"categories":[8,2],"tags":[],"class_list":["post-1225","post","type-post","status-publish","format-standard","hentry","category-i5","category-infantil"],"post_mailing_queue_ids":[],"_links":{"self":[{"href":"https:\/\/agora.xtec.cat\/ceip-torre-llauder-mataro\/wp-json\/wp\/v2\/posts\/1225","targetHints":{"allow":["GET"]}}],"collection":[{"href":"https:\/\/agora.xtec.cat\/ceip-torre-llauder-mataro\/wp-json\/wp\/v2\/posts"}],"about":[{"href":"https:\/\/agora.xtec.cat\/ceip-torre-llauder-mataro\/wp-json\/wp\/v2\/types\/post"}],"author":[{"embeddable":true,"href":"https:\/\/agora.xtec.cat\/ceip-torre-llauder-mataro\/wp-json\/wp\/v2\/users\/21"}],"replies":[{"embeddable":true,"href":"https:\/\/agora.xtec.cat\/ceip-torre-llauder-mataro\/wp-json\/wp\/v2\/comments?post=1225"}],"version-history":[{"count":3,"href":"https:\/\/agora.xtec.cat\/ceip-torre-llauder-mataro\/wp-json\/wp\/v2\/posts\/1225\/revisions"}],"predecessor-version":[{"id":1301,"href":"https:\/\/agora.xtec.cat\/ceip-torre-llauder-mataro\/wp-json\/wp\/v2\/posts\/1225\/revisions\/1301"}],"wp:attachment":[{"href":"https:\/\/agora.xtec.cat\/ceip-torre-llauder-mataro\/wp-json\/wp\/v2\/media?parent=1225"}],"wp:term":[{"taxonomy":"category","embeddable":true,"href":"https:\/\/agora.xtec.cat\/ceip-torre-llauder-mataro\/wp-json\/wp\/v2\/categories?post=1225"},{"taxonomy":"post_tag","embeddable":true,"href":"https:\/\/agora.xtec.cat\/ceip-torre-llauder-mataro\/wp-json\/wp\/v2\/tags?post=1225"}],"curies":[{"name":"wp","href":"https:\/\/api.w.org\/{rel}","templated":true}]}}