{"id":1184,"date":"2017-10-22T19:46:05","date_gmt":"2017-10-22T17:46:05","guid":{"rendered":"http:\/\/agora.xtec.cat\/ceip-torre-llauder-mataro\/?p=1184"},"modified":"2017-10-25T19:41:30","modified_gmt":"2017-10-25T17:41:30","slug":"coneixem-les-vocals","status":"publish","type":"post","link":"https:\/\/agora.xtec.cat\/ceip-torre-llauder-mataro\/infantil\/i5\/coneixem-les-vocals\/","title":{"rendered":"CONEIXEM LES VOCALS"},"content":{"rendered":"<p>Avui a desdoblament hem repassat les vocals: les hem vist, resseguit i escoltat una can\u00e7\u00f3. Despr\u00e9s les hem buscat al nostre nom, per tot seguit poder escriure&#8217;l all\u00e0 on tocava. \u00c9s a dir que les hem escrit sota la A, la E, I, O i la U. Hi ha noms que nom\u00e9s els han escrit un cop sota una vocals per\u00f2 d&#8217;altres que en tenen varies!!<\/p>\n<p>Aqu\u00ed podeu veure una petita mostra de la feina de <a href=\"http:\/\/agora.xtec.cat\/ceip-torre-llauder-mataro\/general\/reclam-castanyada\/\">classificar noms de la classe per vocals<\/a><\/p>\n<p>&nbsp;<\/p>\n","protected":false},"excerpt":{"rendered":"<p>Avui a desdoblament hem repassat les vocals: les hem vist, resseguit i escoltat una can\u00e7\u00f3. Despr\u00e9s les hem buscat al nostre nom, per tot seguit poder escriure&#8217;l all\u00e0 on tocava. \u00c9s a dir que les hem escrit sota la A, la E, I, O i&hellip;  <a href=\"https:\/\/agora.xtec.cat\/ceip-torre-llauder-mataro\/infantil\/i5\/coneixem-les-vocals\/\" title=\"Read CONEIXEM LES VOCALS\">Llegeix m\u00e9s\u00bb<\/a><\/p>\n","protected":false},"author":21,"featured_media":0,"comment_status":"open","ping_status":"closed","sticky":false,"template":"","format":"standard","meta":{"_bbp_topic_count":0,"_bbp_reply_count":0,"_bbp_total_topic_count":0,"_bbp_total_reply_count":0,"_bbp_voice_count":0,"_bbp_anonymous_reply_count":0,"_bbp_topic_count_hidden":0,"_bbp_reply_count_hidden":0,"_bbp_forum_subforum_count":0,"footnotes":""},"categories":[8],"tags":[],"class_list":["post-1184","post","type-post","status-publish","format-standard","hentry","category-i5"],"post_mailing_queue_ids":[],"_links":{"self":[{"href":"https:\/\/agora.xtec.cat\/ceip-torre-llauder-mataro\/wp-json\/wp\/v2\/posts\/1184","targetHints":{"allow":["GET"]}}],"collection":[{"href":"https:\/\/agora.xtec.cat\/ceip-torre-llauder-mataro\/wp-json\/wp\/v2\/posts"}],"about":[{"href":"https:\/\/agora.xtec.cat\/ceip-torre-llauder-mataro\/wp-json\/wp\/v2\/types\/post"}],"author":[{"embeddable":true,"href":"https:\/\/agora.xtec.cat\/ceip-torre-llauder-mataro\/wp-json\/wp\/v2\/users\/21"}],"replies":[{"embeddable":true,"href":"https:\/\/agora.xtec.cat\/ceip-torre-llauder-mataro\/wp-json\/wp\/v2\/comments?post=1184"}],"version-history":[{"count":3,"href":"https:\/\/agora.xtec.cat\/ceip-torre-llauder-mataro\/wp-json\/wp\/v2\/posts\/1184\/revisions"}],"predecessor-version":[{"id":1224,"href":"https:\/\/agora.xtec.cat\/ceip-torre-llauder-mataro\/wp-json\/wp\/v2\/posts\/1184\/revisions\/1224"}],"wp:attachment":[{"href":"https:\/\/agora.xtec.cat\/ceip-torre-llauder-mataro\/wp-json\/wp\/v2\/media?parent=1184"}],"wp:term":[{"taxonomy":"category","embeddable":true,"href":"https:\/\/agora.xtec.cat\/ceip-torre-llauder-mataro\/wp-json\/wp\/v2\/categories?post=1184"},{"taxonomy":"post_tag","embeddable":true,"href":"https:\/\/agora.xtec.cat\/ceip-torre-llauder-mataro\/wp-json\/wp\/v2\/tags?post=1184"}],"curies":[{"name":"wp","href":"https:\/\/api.w.org\/{rel}","templated":true}]}}