{"id":1169,"date":"2017-10-16T23:13:31","date_gmt":"2017-10-16T21:13:31","guid":{"rendered":"http:\/\/agora.xtec.cat\/ceip-torre-llauder-mataro\/?p=1169"},"modified":"2017-10-22T20:11:31","modified_gmt":"2017-10-22T18:11:31","slug":"racons-setembre-2","status":"publish","type":"post","link":"https:\/\/agora.xtec.cat\/ceip-torre-llauder-mataro\/infantil\/i5\/racons-setembre-2\/","title":{"rendered":"RACONS de SETEMBRE"},"content":{"rendered":"<p>Ja estem ben encarrilats i encarrilades amb el treball per racons!! Aqu\u00ed podeu veure un recull de les moltes activitats presentades en diferents sessions d&#8217;aquest primer mes d&#8217;escola. Ja sabeu que treballar per racons facilita als nens i nenes ser els protagonistes del seu aprenentatge i fomenta el desenvolupament d&#8217;estrategies que l&#8217;ajudaran molt\u00edssim en la seva formaci\u00f3 (gestionar el temps, organitzar-se, fer hip\u00f2tesis, compartir i dialogar amb els companys\/es, respectar altres opinions&#8230;)<\/p>\n<p>Esperem que gaudiu de les fotos dels <a href=\"https:\/\/photos.app.goo.gl\/SpHcoiorqkbiwScn1\">racons de setembre<\/a><\/p>\n<p>&nbsp;<\/p>\n","protected":false},"excerpt":{"rendered":"<p>Ja estem ben encarrilats i encarrilades amb el treball per racons!! Aqu\u00ed podeu veure un recull de les moltes activitats presentades en diferents sessions d&#8217;aquest primer mes d&#8217;escola. Ja sabeu que treballar per racons facilita als nens i nenes ser els protagonistes del seu aprenentatge&hellip;  <a href=\"https:\/\/agora.xtec.cat\/ceip-torre-llauder-mataro\/infantil\/i5\/racons-setembre-2\/\" title=\"Read RACONS de SETEMBRE\">Llegeix m\u00e9s\u00bb<\/a><\/p>\n","protected":false},"author":21,"featured_media":0,"comment_status":"open","ping_status":"closed","sticky":false,"template":"","format":"standard","meta":{"_bbp_topic_count":0,"_bbp_reply_count":0,"_bbp_total_topic_count":0,"_bbp_total_reply_count":0,"_bbp_voice_count":0,"_bbp_anonymous_reply_count":0,"_bbp_topic_count_hidden":0,"_bbp_reply_count_hidden":0,"_bbp_forum_subforum_count":0,"footnotes":""},"categories":[8],"tags":[],"class_list":["post-1169","post","type-post","status-publish","format-standard","hentry","category-i5"],"post_mailing_queue_ids":[],"_links":{"self":[{"href":"https:\/\/agora.xtec.cat\/ceip-torre-llauder-mataro\/wp-json\/wp\/v2\/posts\/1169","targetHints":{"allow":["GET"]}}],"collection":[{"href":"https:\/\/agora.xtec.cat\/ceip-torre-llauder-mataro\/wp-json\/wp\/v2\/posts"}],"about":[{"href":"https:\/\/agora.xtec.cat\/ceip-torre-llauder-mataro\/wp-json\/wp\/v2\/types\/post"}],"author":[{"embeddable":true,"href":"https:\/\/agora.xtec.cat\/ceip-torre-llauder-mataro\/wp-json\/wp\/v2\/users\/21"}],"replies":[{"embeddable":true,"href":"https:\/\/agora.xtec.cat\/ceip-torre-llauder-mataro\/wp-json\/wp\/v2\/comments?post=1169"}],"version-history":[{"count":4,"href":"https:\/\/agora.xtec.cat\/ceip-torre-llauder-mataro\/wp-json\/wp\/v2\/posts\/1169\/revisions"}],"predecessor-version":[{"id":1195,"href":"https:\/\/agora.xtec.cat\/ceip-torre-llauder-mataro\/wp-json\/wp\/v2\/posts\/1169\/revisions\/1195"}],"wp:attachment":[{"href":"https:\/\/agora.xtec.cat\/ceip-torre-llauder-mataro\/wp-json\/wp\/v2\/media?parent=1169"}],"wp:term":[{"taxonomy":"category","embeddable":true,"href":"https:\/\/agora.xtec.cat\/ceip-torre-llauder-mataro\/wp-json\/wp\/v2\/categories?post=1169"},{"taxonomy":"post_tag","embeddable":true,"href":"https:\/\/agora.xtec.cat\/ceip-torre-llauder-mataro\/wp-json\/wp\/v2\/tags?post=1169"}],"curies":[{"name":"wp","href":"https:\/\/api.w.org\/{rel}","templated":true}]}}