{"id":1165,"date":"2017-10-08T20:41:37","date_gmt":"2017-10-08T18:41:37","guid":{"rendered":"http:\/\/agora.xtec.cat\/ceip-torre-llauder-mataro\/?p=1165"},"modified":"2017-10-08T20:46:11","modified_gmt":"2017-10-08T18:46:11","slug":"desdoblament-tardor","status":"publish","type":"post","link":"https:\/\/agora.xtec.cat\/ceip-torre-llauder-mataro\/infantil\/i5\/desdoblament-tardor\/","title":{"rendered":"DESDOBLAMENT &#8211; TARDOR"},"content":{"rendered":"<p>Com ja us vam explicar a la reuni\u00f3 d&#8217;aula a les sessions de desdoblament aprofitem per treballar amb mig grup, de manera m\u00e9s manipulativa i garantint una atenci\u00f3 individualitzada. Avui al desdoblament de llengua hem aprofitat per explicar tres de les activitats que despr\u00e9s es trobaran a Racons: jugar al memori, vocabulari de la tardor (resseguir, buscar, escriure, comparar&#8230;) i associar n\u00famero amb quantitat amb elements de la tardor, aix\u00ed assegurem que despr\u00e9s puguin gaudir dels racons de manera m\u00e9s aut\u00f2noma.<\/p>\n<p><a href=\"https:\/\/photos.app.goo.gl\/1ax7WBYaAAViM4m73\">DESD LLENGUA 2 OCT 2017<\/a><\/p>\n","protected":false},"excerpt":{"rendered":"<p>Com ja us vam explicar a la reuni\u00f3 d&#8217;aula a les sessions de desdoblament aprofitem per treballar amb mig grup, de manera m\u00e9s manipulativa i garantint una atenci\u00f3 individualitzada. Avui al desdoblament de llengua hem aprofitat per explicar tres de les activitats que despr\u00e9s es&hellip;  <a href=\"https:\/\/agora.xtec.cat\/ceip-torre-llauder-mataro\/infantil\/i5\/desdoblament-tardor\/\" title=\"Read DESDOBLAMENT &#8211; TARDOR\">Llegeix m\u00e9s\u00bb<\/a><\/p>\n","protected":false},"author":21,"featured_media":0,"comment_status":"open","ping_status":"closed","sticky":false,"template":"","format":"standard","meta":{"_bbp_topic_count":0,"_bbp_reply_count":0,"_bbp_total_topic_count":0,"_bbp_total_reply_count":0,"_bbp_voice_count":0,"_bbp_anonymous_reply_count":0,"_bbp_topic_count_hidden":0,"_bbp_reply_count_hidden":0,"_bbp_forum_subforum_count":0,"footnotes":""},"categories":[8],"tags":[],"class_list":["post-1165","post","type-post","status-publish","format-standard","hentry","category-i5"],"post_mailing_queue_ids":[],"_links":{"self":[{"href":"https:\/\/agora.xtec.cat\/ceip-torre-llauder-mataro\/wp-json\/wp\/v2\/posts\/1165","targetHints":{"allow":["GET"]}}],"collection":[{"href":"https:\/\/agora.xtec.cat\/ceip-torre-llauder-mataro\/wp-json\/wp\/v2\/posts"}],"about":[{"href":"https:\/\/agora.xtec.cat\/ceip-torre-llauder-mataro\/wp-json\/wp\/v2\/types\/post"}],"author":[{"embeddable":true,"href":"https:\/\/agora.xtec.cat\/ceip-torre-llauder-mataro\/wp-json\/wp\/v2\/users\/21"}],"replies":[{"embeddable":true,"href":"https:\/\/agora.xtec.cat\/ceip-torre-llauder-mataro\/wp-json\/wp\/v2\/comments?post=1165"}],"version-history":[{"count":3,"href":"https:\/\/agora.xtec.cat\/ceip-torre-llauder-mataro\/wp-json\/wp\/v2\/posts\/1165\/revisions"}],"predecessor-version":[{"id":1168,"href":"https:\/\/agora.xtec.cat\/ceip-torre-llauder-mataro\/wp-json\/wp\/v2\/posts\/1165\/revisions\/1168"}],"wp:attachment":[{"href":"https:\/\/agora.xtec.cat\/ceip-torre-llauder-mataro\/wp-json\/wp\/v2\/media?parent=1165"}],"wp:term":[{"taxonomy":"category","embeddable":true,"href":"https:\/\/agora.xtec.cat\/ceip-torre-llauder-mataro\/wp-json\/wp\/v2\/categories?post=1165"},{"taxonomy":"post_tag","embeddable":true,"href":"https:\/\/agora.xtec.cat\/ceip-torre-llauder-mataro\/wp-json\/wp\/v2\/tags?post=1165"}],"curies":[{"name":"wp","href":"https:\/\/api.w.org\/{rel}","templated":true}]}}