{"id":1158,"date":"2017-10-05T20:47:45","date_gmt":"2017-10-05T18:47:45","guid":{"rendered":"http:\/\/agora.xtec.cat\/ceip-torre-llauder-mataro\/?p=1158"},"modified":"2017-10-05T20:47:45","modified_gmt":"2017-10-05T18:47:45","slug":"experimentacio-boletes-i-pinces-2","status":"publish","type":"post","link":"https:\/\/agora.xtec.cat\/ceip-torre-llauder-mataro\/infantil\/i5\/experimentacio-boletes-i-pinces-2\/","title":{"rendered":"EXPERIMENTACI\u00d3 BOLETES I PINCES"},"content":{"rendered":"<p>Aprenem els colors de la tardor i practiquem a fer boletes amb paper de seda. Despr\u00e9s utilitzem unes pinces de cient\u00edfics i cient\u00edfiques aut\u00e8ntiques per posar-les dins d&#8217;una ampolleta, ens ha quedat una decoraci\u00f3 ben maca:<\/p>\n<p><a href=\"https:\/\/photos.app.goo.gl\/T5gE0RaEFExqcqWo1\">https:\/\/photos.app.goo.gl\/T5gE0RaEFExqcqWo1<\/a><\/p>\n<p>A la seg\u00fcent sessi\u00f3 hem fet servir les boletes per omplir elements t\u00edpics de la tardor: bolets, fulles i castanyes.<\/p>\n<p><a href=\"https:\/\/photos.app.goo.gl\/D6WMD2o52xXhos3s2\">https:\/\/photos.app.goo.gl\/D6WMD2o52xXhos3s2<\/a><\/p>\n<p>&nbsp;<\/p>\n","protected":false},"excerpt":{"rendered":"<p>Aprenem els colors de la tardor i practiquem a fer boletes amb paper de seda. Despr\u00e9s utilitzem unes pinces de cient\u00edfics i cient\u00edfiques aut\u00e8ntiques per posar-les dins d&#8217;una ampolleta, ens ha quedat una decoraci\u00f3 ben maca:<br \/>\n<a href=\"https:\/\/photos.app.goo.gl\/T5gE0RaEFExqcqWo1\">https:\/\/photos.app.goo.gl\/T5gE0RaEFExqcqWo1<\/a><br \/>\nA la seg\u00fcent sessi\u00f3 hem fet servir les boletes&hellip;  <a href=\"https:\/\/agora.xtec.cat\/ceip-torre-llauder-mataro\/infantil\/i5\/experimentacio-boletes-i-pinces-2\/\" title=\"Read EXPERIMENTACI\u00d3 BOLETES I PINCES\">Llegeix m\u00e9s\u00bb<\/a><\/p>\n","protected":false},"author":21,"featured_media":0,"comment_status":"open","ping_status":"closed","sticky":false,"template":"","format":"standard","meta":{"_bbp_topic_count":0,"_bbp_reply_count":0,"_bbp_total_topic_count":0,"_bbp_total_reply_count":0,"_bbp_voice_count":0,"_bbp_anonymous_reply_count":0,"_bbp_topic_count_hidden":0,"_bbp_reply_count_hidden":0,"_bbp_forum_subforum_count":0,"footnotes":""},"categories":[8],"tags":[],"class_list":["post-1158","post","type-post","status-publish","format-standard","hentry","category-i5"],"post_mailing_queue_ids":[],"_links":{"self":[{"href":"https:\/\/agora.xtec.cat\/ceip-torre-llauder-mataro\/wp-json\/wp\/v2\/posts\/1158","targetHints":{"allow":["GET"]}}],"collection":[{"href":"https:\/\/agora.xtec.cat\/ceip-torre-llauder-mataro\/wp-json\/wp\/v2\/posts"}],"about":[{"href":"https:\/\/agora.xtec.cat\/ceip-torre-llauder-mataro\/wp-json\/wp\/v2\/types\/post"}],"author":[{"embeddable":true,"href":"https:\/\/agora.xtec.cat\/ceip-torre-llauder-mataro\/wp-json\/wp\/v2\/users\/21"}],"replies":[{"embeddable":true,"href":"https:\/\/agora.xtec.cat\/ceip-torre-llauder-mataro\/wp-json\/wp\/v2\/comments?post=1158"}],"version-history":[{"count":1,"href":"https:\/\/agora.xtec.cat\/ceip-torre-llauder-mataro\/wp-json\/wp\/v2\/posts\/1158\/revisions"}],"predecessor-version":[{"id":1159,"href":"https:\/\/agora.xtec.cat\/ceip-torre-llauder-mataro\/wp-json\/wp\/v2\/posts\/1158\/revisions\/1159"}],"wp:attachment":[{"href":"https:\/\/agora.xtec.cat\/ceip-torre-llauder-mataro\/wp-json\/wp\/v2\/media?parent=1158"}],"wp:term":[{"taxonomy":"category","embeddable":true,"href":"https:\/\/agora.xtec.cat\/ceip-torre-llauder-mataro\/wp-json\/wp\/v2\/categories?post=1158"},{"taxonomy":"post_tag","embeddable":true,"href":"https:\/\/agora.xtec.cat\/ceip-torre-llauder-mataro\/wp-json\/wp\/v2\/tags?post=1158"}],"curies":[{"name":"wp","href":"https:\/\/api.w.org\/{rel}","templated":true}]}}