{"id":1152,"date":"2017-10-05T20:36:04","date_gmt":"2017-10-05T18:36:04","guid":{"rendered":"http:\/\/agora.xtec.cat\/ceip-torre-llauder-mataro\/?p=1152"},"modified":"2017-10-05T20:39:15","modified_gmt":"2017-10-05T18:39:15","slug":"som-la-classe-de-les-diablesses","status":"publish","type":"post","link":"https:\/\/agora.xtec.cat\/ceip-torre-llauder-mataro\/infantil\/i5\/som-la-classe-de-les-diablesses\/","title":{"rendered":"SOM LA CLASSE DE LES DIABLESSES"},"content":{"rendered":"<p>Despr\u00e9s d&#8217;una ajustada votaci\u00f3 entre les diferents figures de foc de Matar\u00f3 ja tenim nom d&#8217;aula a la classe de P4, aquest any serem la classe de LES DIABLESSES!! Primer hem pogut votar totes les figures i despr\u00e9s hem triat entre les dues finalistes LA MOMEROTA i LES DIABLESSES, quedant m\u00e9s votades aquestes \u00faltimes.<\/p>\n<p><a href=\"https:\/\/photos.app.goo.gl\/iS4eHpe6mUYK56812\">https:\/\/photos.app.goo.gl\/iS4eHpe6mUYK56812<\/a><\/p>\n","protected":false},"excerpt":{"rendered":"<p>Despr\u00e9s d&#8217;una ajustada votaci\u00f3 entre les diferents figures de foc de Matar\u00f3 ja tenim nom d&#8217;aula a la classe de P4, aquest any serem la classe de LES DIABLESSES!! Primer hem pogut votar totes les figures i despr\u00e9s hem triat entre les dues finalistes LA&hellip;  <a href=\"https:\/\/agora.xtec.cat\/ceip-torre-llauder-mataro\/infantil\/i5\/som-la-classe-de-les-diablesses\/\" title=\"Read SOM LA CLASSE DE LES DIABLESSES\">Llegeix m\u00e9s\u00bb<\/a><\/p>\n","protected":false},"author":21,"featured_media":0,"comment_status":"open","ping_status":"closed","sticky":false,"template":"","format":"standard","meta":{"_bbp_topic_count":0,"_bbp_reply_count":0,"_bbp_total_topic_count":0,"_bbp_total_reply_count":0,"_bbp_voice_count":0,"_bbp_anonymous_reply_count":0,"_bbp_topic_count_hidden":0,"_bbp_reply_count_hidden":0,"_bbp_forum_subforum_count":0,"footnotes":""},"categories":[8],"tags":[],"class_list":["post-1152","post","type-post","status-publish","format-standard","hentry","category-i5"],"post_mailing_queue_ids":[],"_links":{"self":[{"href":"https:\/\/agora.xtec.cat\/ceip-torre-llauder-mataro\/wp-json\/wp\/v2\/posts\/1152","targetHints":{"allow":["GET"]}}],"collection":[{"href":"https:\/\/agora.xtec.cat\/ceip-torre-llauder-mataro\/wp-json\/wp\/v2\/posts"}],"about":[{"href":"https:\/\/agora.xtec.cat\/ceip-torre-llauder-mataro\/wp-json\/wp\/v2\/types\/post"}],"author":[{"embeddable":true,"href":"https:\/\/agora.xtec.cat\/ceip-torre-llauder-mataro\/wp-json\/wp\/v2\/users\/21"}],"replies":[{"embeddable":true,"href":"https:\/\/agora.xtec.cat\/ceip-torre-llauder-mataro\/wp-json\/wp\/v2\/comments?post=1152"}],"version-history":[{"count":1,"href":"https:\/\/agora.xtec.cat\/ceip-torre-llauder-mataro\/wp-json\/wp\/v2\/posts\/1152\/revisions"}],"predecessor-version":[{"id":1153,"href":"https:\/\/agora.xtec.cat\/ceip-torre-llauder-mataro\/wp-json\/wp\/v2\/posts\/1152\/revisions\/1153"}],"wp:attachment":[{"href":"https:\/\/agora.xtec.cat\/ceip-torre-llauder-mataro\/wp-json\/wp\/v2\/media?parent=1152"}],"wp:term":[{"taxonomy":"category","embeddable":true,"href":"https:\/\/agora.xtec.cat\/ceip-torre-llauder-mataro\/wp-json\/wp\/v2\/categories?post=1152"},{"taxonomy":"post_tag","embeddable":true,"href":"https:\/\/agora.xtec.cat\/ceip-torre-llauder-mataro\/wp-json\/wp\/v2\/tags?post=1152"}],"curies":[{"name":"wp","href":"https:\/\/api.w.org\/{rel}","templated":true}]}}