{"id":1120,"date":"2017-09-13T11:38:17","date_gmt":"2017-09-13T09:38:17","guid":{"rendered":"http:\/\/agora.xtec.cat\/ceip-torre-llauder-mataro\/?p=1120"},"modified":"2017-09-13T11:57:09","modified_gmt":"2017-09-13T09:57:09","slug":"el-meu-primer-dia-al-torre-llauder","status":"publish","type":"post","link":"https:\/\/agora.xtec.cat\/ceip-torre-llauder-mataro\/general\/el-meu-primer-dia-al-torre-llauder\/","title":{"rendered":"El meu primer dia al Torre Llauder!"},"content":{"rendered":"<p>Els m\u00e9s petits ja han comen\u00e7at l&#8217;escola! Ara ja formen part de la nostra gran fam\u00edlia!<\/p>\n<p>Aqu\u00ed teniu els v\u00eddeos de com va ser el seu primer dia.<\/p>\n<p>BENVINGUTS!<\/p>\n<p><a href=\"https:\/\/photos.app.goo.gl\/g21UfbqJWw1bM1lm2\"><img loading=\"lazy\" decoding=\"async\" class=\"alignnone size-full wp-image-1124\" src=\"http:\/\/agora.xtec.cat\/ceip-torre-llauder-mataro\/wp-content\/uploads\/usu1425\/2017\/09\/El-meu-primer-dia.jpg\" alt=\"\" width=\"954\" height=\"229\" srcset=\"https:\/\/agora.xtec.cat\/ceip-torre-llauder-mataro\/wp-content\/uploads\/usu1425\/2017\/09\/El-meu-primer-dia.jpg 954w, https:\/\/agora.xtec.cat\/ceip-torre-llauder-mataro\/wp-content\/uploads\/usu1425\/2017\/09\/El-meu-primer-dia-300x72.jpg 300w, https:\/\/agora.xtec.cat\/ceip-torre-llauder-mataro\/wp-content\/uploads\/usu1425\/2017\/09\/El-meu-primer-dia-768x184.jpg 768w\" sizes=\"auto, (max-width: 954px) 100vw, 954px\" \/><\/a><\/p>\n<p>&nbsp;<\/p>\n","protected":false},"excerpt":{"rendered":"<p>Els m\u00e9s petits ja han comen\u00e7at l&#8217;escola! Ara ja formen part de la nostra gran fam\u00edlia!<br \/>\nAqu\u00ed teniu els v\u00eddeos de com va ser el seu primer dia.<br \/>\nBENVINGUTS!<br \/>\n<a href=\"https:\/\/photos.app.goo.gl\/g21UfbqJWw1bM1lm2\"><\/a><br \/>\n&nbsp;<\/p>\n","protected":false},"author":19,"featured_media":0,"comment_status":"open","ping_status":"closed","sticky":false,"template":"","format":"standard","meta":{"_bbp_topic_count":0,"_bbp_reply_count":0,"_bbp_total_topic_count":0,"_bbp_total_reply_count":0,"_bbp_voice_count":0,"_bbp_anonymous_reply_count":0,"_bbp_topic_count_hidden":0,"_bbp_reply_count_hidden":0,"_bbp_forum_subforum_count":0,"footnotes":""},"categories":[1,3,2,4],"tags":[],"class_list":["post-1120","post","type-post","status-publish","format-standard","hentry","category-general","category-i4","category-infantil","category-portada"],"post_mailing_queue_ids":[],"_links":{"self":[{"href":"https:\/\/agora.xtec.cat\/ceip-torre-llauder-mataro\/wp-json\/wp\/v2\/posts\/1120","targetHints":{"allow":["GET"]}}],"collection":[{"href":"https:\/\/agora.xtec.cat\/ceip-torre-llauder-mataro\/wp-json\/wp\/v2\/posts"}],"about":[{"href":"https:\/\/agora.xtec.cat\/ceip-torre-llauder-mataro\/wp-json\/wp\/v2\/types\/post"}],"author":[{"embeddable":true,"href":"https:\/\/agora.xtec.cat\/ceip-torre-llauder-mataro\/wp-json\/wp\/v2\/users\/19"}],"replies":[{"embeddable":true,"href":"https:\/\/agora.xtec.cat\/ceip-torre-llauder-mataro\/wp-json\/wp\/v2\/comments?post=1120"}],"version-history":[{"count":3,"href":"https:\/\/agora.xtec.cat\/ceip-torre-llauder-mataro\/wp-json\/wp\/v2\/posts\/1120\/revisions"}],"predecessor-version":[{"id":1126,"href":"https:\/\/agora.xtec.cat\/ceip-torre-llauder-mataro\/wp-json\/wp\/v2\/posts\/1120\/revisions\/1126"}],"wp:attachment":[{"href":"https:\/\/agora.xtec.cat\/ceip-torre-llauder-mataro\/wp-json\/wp\/v2\/media?parent=1120"}],"wp:term":[{"taxonomy":"category","embeddable":true,"href":"https:\/\/agora.xtec.cat\/ceip-torre-llauder-mataro\/wp-json\/wp\/v2\/categories?post=1120"},{"taxonomy":"post_tag","embeddable":true,"href":"https:\/\/agora.xtec.cat\/ceip-torre-llauder-mataro\/wp-json\/wp\/v2\/tags?post=1120"}],"curies":[{"name":"wp","href":"https:\/\/api.w.org\/{rel}","templated":true}]}}