{"id":1085,"date":"2017-06-28T18:40:06","date_gmt":"2017-06-28T16:40:06","guid":{"rendered":"http:\/\/agora.xtec.cat\/ceip-torre-llauder-mataro\/?p=1085"},"modified":"2017-06-28T18:41:33","modified_gmt":"2017-06-28T16:41:33","slug":"xeringada-21-juny-2017","status":"publish","type":"post","link":"https:\/\/agora.xtec.cat\/ceip-torre-llauder-mataro\/infantil\/xeringada-21-juny-2017\/","title":{"rendered":"XERINGADA 21 JUNY 2017"},"content":{"rendered":"<p>Ha arribat l&#8217;\u00faltim dia de curs!!! Ens hem acomiadat de 6\u00e8 que el curs que ve comen\u00e7aran l&#8217;institut, hem esmorzat coques de Sant Joan i per f\u00ed&#8230; XERINGADAAAA!!!<\/p>\n<p><a href=\"https:\/\/goo.gl\/photos\/x8tY5jU9rzyAhD7B6\">https:\/\/goo.gl\/photos\/x8tY5jU9rzyAhD7B6<\/a><\/p>\n<p>Felicitats a tots els nens i nenes, que s&#8217;han fet una mica m\u00e9s grans durant aquest curs!!!<\/p>\n<p>Agafeu forces durant l&#8217;estiu que al setembre tornem amb molta energia i ganes de seguir creixent i aprenent!!<\/p>\n<p>Bones vacances per tothom!!<\/p>\n","protected":false},"excerpt":{"rendered":"<p>Ha arribat l&#8217;\u00faltim dia de curs!!! Ens hem acomiadat de 6\u00e8 que el curs que ve comen\u00e7aran l&#8217;institut, hem esmorzat coques de Sant Joan i per f\u00ed&#8230; XERINGADAAAA!!!<br \/>\n<a href=\"https:\/\/goo.gl\/photos\/x8tY5jU9rzyAhD7B6\">https:\/\/goo.gl\/photos\/x8tY5jU9rzyAhD7B6<\/a><br \/>\nFelicitats a tots els nens i nenes, que s&#8217;han fet una mica m\u00e9s grans durant aquest curs!!!<br \/>\nAgafeu&hellip;  <a href=\"https:\/\/agora.xtec.cat\/ceip-torre-llauder-mataro\/infantil\/xeringada-21-juny-2017\/\" title=\"Read XERINGADA 21 JUNY 2017\">Llegeix m\u00e9s\u00bb<\/a><\/p>\n","protected":false},"author":21,"featured_media":0,"comment_status":"open","ping_status":"closed","sticky":false,"template":"","format":"standard","meta":{"_bbp_topic_count":0,"_bbp_reply_count":0,"_bbp_total_topic_count":0,"_bbp_total_reply_count":0,"_bbp_voice_count":0,"_bbp_anonymous_reply_count":0,"_bbp_topic_count_hidden":0,"_bbp_reply_count_hidden":0,"_bbp_forum_subforum_count":0,"footnotes":""},"categories":[9,3,8,2],"tags":[],"class_list":["post-1085","post","type-post","status-publish","format-standard","hentry","category-1r","category-i4","category-i5","category-infantil"],"post_mailing_queue_ids":[],"_links":{"self":[{"href":"https:\/\/agora.xtec.cat\/ceip-torre-llauder-mataro\/wp-json\/wp\/v2\/posts\/1085","targetHints":{"allow":["GET"]}}],"collection":[{"href":"https:\/\/agora.xtec.cat\/ceip-torre-llauder-mataro\/wp-json\/wp\/v2\/posts"}],"about":[{"href":"https:\/\/agora.xtec.cat\/ceip-torre-llauder-mataro\/wp-json\/wp\/v2\/types\/post"}],"author":[{"embeddable":true,"href":"https:\/\/agora.xtec.cat\/ceip-torre-llauder-mataro\/wp-json\/wp\/v2\/users\/21"}],"replies":[{"embeddable":true,"href":"https:\/\/agora.xtec.cat\/ceip-torre-llauder-mataro\/wp-json\/wp\/v2\/comments?post=1085"}],"version-history":[{"count":1,"href":"https:\/\/agora.xtec.cat\/ceip-torre-llauder-mataro\/wp-json\/wp\/v2\/posts\/1085\/revisions"}],"predecessor-version":[{"id":1086,"href":"https:\/\/agora.xtec.cat\/ceip-torre-llauder-mataro\/wp-json\/wp\/v2\/posts\/1085\/revisions\/1086"}],"wp:attachment":[{"href":"https:\/\/agora.xtec.cat\/ceip-torre-llauder-mataro\/wp-json\/wp\/v2\/media?parent=1085"}],"wp:term":[{"taxonomy":"category","embeddable":true,"href":"https:\/\/agora.xtec.cat\/ceip-torre-llauder-mataro\/wp-json\/wp\/v2\/categories?post=1085"},{"taxonomy":"post_tag","embeddable":true,"href":"https:\/\/agora.xtec.cat\/ceip-torre-llauder-mataro\/wp-json\/wp\/v2\/tags?post=1085"}],"curies":[{"name":"wp","href":"https:\/\/api.w.org\/{rel}","templated":true}]}}