{"id":1073,"date":"2017-06-22T14:02:47","date_gmt":"2017-06-22T12:02:47","guid":{"rendered":"http:\/\/agora.xtec.cat\/ceip-torre-llauder-mataro\/?p=1073"},"modified":"2017-06-29T11:55:33","modified_gmt":"2017-06-29T09:55:33","slug":"teatre-5e","status":"publish","type":"post","link":"https:\/\/agora.xtec.cat\/ceip-torre-llauder-mataro\/general\/teatre-5e\/","title":{"rendered":"Teatre 5\u00e8"},"content":{"rendered":"<p>Els alumnes de 5\u00e8 han comen\u00e7at aquest curs un projecte pilot sobre t\u00e8cniques teatrals a l&#8217;escola. L&#8217;objectiu ha estat que els alumnes s&#8217;iniciessin d&#8217;una manera m\u00e9s conscient en les t\u00e8cniques teatrals per tal de cara l&#8217;any vinent comen\u00e7ar de ple a assajar per a la mostra de teatre de 6\u00e8. \u00a0Aquest projecte ha estat dirigit per l&#8217;Enric Domingo Tro professor de l&#8217;Aula de Teatre de Matar\u00f3 i amb el suport de la Susana Teruel.<\/p>\n<p>Per tal d&#8217;ensenyar als companys d&#8217;escola i a les fam\u00edlies tot all\u00f2 apr\u00e8s, s&#8217;ha realitzat una petita mostra amb l&#8217;obra &#8220;No necessito m\u00e9s del que tinc&#8221; escrita pel mateix Enric Domingo.<\/p>\n<p>&nbsp;<\/p>\n<p>&nbsp;<\/p>\n<p><iframe loading=\"lazy\" title=\"No necessito m\u00e9s del que tinc. Teatre 5\u00e8. Escola Torre Lladuer, Matar\u00f3\" width=\"500\" height=\"281\" src=\"https:\/\/www.youtube.com\/embed\/s-uzhnfP4_k?feature=oembed\" frameborder=\"0\" allow=\"accelerometer; autoplay; clipboard-write; encrypted-media; gyroscope; picture-in-picture; web-share\" referrerpolicy=\"strict-origin-when-cross-origin\" allowfullscreen><\/iframe><\/p>\n","protected":false},"excerpt":{"rendered":"<p>Els alumnes de 5\u00e8 han comen\u00e7at aquest curs un projecte pilot sobre t\u00e8cniques teatrals a l&#8217;escola. L&#8217;objectiu ha estat que els alumnes s&#8217;iniciessin d&#8217;una manera m\u00e9s conscient en les t\u00e8cniques teatrals per tal de cara l&#8217;any vinent comen\u00e7ar de ple a assajar per a la&hellip;  <a href=\"https:\/\/agora.xtec.cat\/ceip-torre-llauder-mataro\/general\/teatre-5e\/\" title=\"Read Teatre 5\u00e8\">Llegeix m\u00e9s\u00bb<\/a><\/p>\n","protected":false},"author":1,"featured_media":1074,"comment_status":"open","ping_status":"closed","sticky":false,"template":"","format":"standard","meta":{"_bbp_topic_count":0,"_bbp_reply_count":0,"_bbp_total_topic_count":0,"_bbp_total_reply_count":0,"_bbp_voice_count":0,"_bbp_anonymous_reply_count":0,"_bbp_topic_count_hidden":0,"_bbp_reply_count_hidden":0,"_bbp_forum_subforum_count":0,"footnotes":""},"categories":[14,1,4],"tags":[61],"class_list":["post-1073","post","type-post","status-publish","format-standard","has-post-thumbnail","hentry","category-6e","category-general","category-portada","tag-teatre"],"post_mailing_queue_ids":[],"_links":{"self":[{"href":"https:\/\/agora.xtec.cat\/ceip-torre-llauder-mataro\/wp-json\/wp\/v2\/posts\/1073","targetHints":{"allow":["GET"]}}],"collection":[{"href":"https:\/\/agora.xtec.cat\/ceip-torre-llauder-mataro\/wp-json\/wp\/v2\/posts"}],"about":[{"href":"https:\/\/agora.xtec.cat\/ceip-torre-llauder-mataro\/wp-json\/wp\/v2\/types\/post"}],"author":[{"embeddable":true,"href":"https:\/\/agora.xtec.cat\/ceip-torre-llauder-mataro\/wp-json\/wp\/v2\/users\/1"}],"replies":[{"embeddable":true,"href":"https:\/\/agora.xtec.cat\/ceip-torre-llauder-mataro\/wp-json\/wp\/v2\/comments?post=1073"}],"version-history":[{"count":3,"href":"https:\/\/agora.xtec.cat\/ceip-torre-llauder-mataro\/wp-json\/wp\/v2\/posts\/1073\/revisions"}],"predecessor-version":[{"id":1077,"href":"https:\/\/agora.xtec.cat\/ceip-torre-llauder-mataro\/wp-json\/wp\/v2\/posts\/1073\/revisions\/1077"}],"wp:featuredmedia":[{"embeddable":true,"href":"https:\/\/agora.xtec.cat\/ceip-torre-llauder-mataro\/wp-json\/wp\/v2\/media\/1074"}],"wp:attachment":[{"href":"https:\/\/agora.xtec.cat\/ceip-torre-llauder-mataro\/wp-json\/wp\/v2\/media?parent=1073"}],"wp:term":[{"taxonomy":"category","embeddable":true,"href":"https:\/\/agora.xtec.cat\/ceip-torre-llauder-mataro\/wp-json\/wp\/v2\/categories?post=1073"},{"taxonomy":"post_tag","embeddable":true,"href":"https:\/\/agora.xtec.cat\/ceip-torre-llauder-mataro\/wp-json\/wp\/v2\/tags?post=1073"}],"curies":[{"name":"wp","href":"https:\/\/api.w.org\/{rel}","templated":true}]}}