{"id":1071,"date":"2017-06-18T20:19:45","date_gmt":"2017-06-18T18:19:45","guid":{"rendered":"http:\/\/agora.xtec.cat\/ceip-torre-llauder-mataro\/?p=1071"},"modified":"2017-06-18T20:19:45","modified_gmt":"2017-06-18T18:19:45","slug":"divercastillo","status":"publish","type":"post","link":"https:\/\/agora.xtec.cat\/ceip-torre-llauder-mataro\/general\/divercastillo\/","title":{"rendered":"DIVERCASTILLO!!"},"content":{"rendered":"<p>La sortida al Divercastillo dels nens i nenes de l&#8217;Educaci\u00f3 Infantil ja \u00e9s un cl\u00e0ssic per comen\u00e7ar a acomiadar el curs. Els nens i nenes juguen, salten, ballen, corren i comparteixen un espai meravell\u00f3s amb mestres i companys\/es. Podeu veure a continuaci\u00f3 unes quantes fotos del dia, perdoneu la qualitat per\u00f2 no hi ha gaire il.luminaci\u00f3 i, a m\u00e9s, costa que els nens i nenes estiguin quiets davant de tants estimuls!!<\/p>\n<p><a href=\"https:\/\/goo.gl\/photos\/i1ECUeRNo7wasrw9A\">https:\/\/goo.gl\/photos\/i1ECUeRNo7wasrw9A<\/a><\/p>\n<p>&nbsp;<\/p>\n","protected":false},"excerpt":{"rendered":"<p>La sortida al Divercastillo dels nens i nenes de l&#8217;Educaci\u00f3 Infantil ja \u00e9s un cl\u00e0ssic per comen\u00e7ar a acomiadar el curs. Els nens i nenes juguen, salten, ballen, corren i comparteixen un espai meravell\u00f3s amb mestres i companys\/es. Podeu veure a continuaci\u00f3 unes quantes fotos&hellip;  <a href=\"https:\/\/agora.xtec.cat\/ceip-torre-llauder-mataro\/general\/divercastillo\/\" title=\"Read DIVERCASTILLO!!\">Llegeix m\u00e9s\u00bb<\/a><\/p>\n","protected":false},"author":21,"featured_media":0,"comment_status":"open","ping_status":"closed","sticky":false,"template":"","format":"standard","meta":{"_bbp_topic_count":0,"_bbp_reply_count":0,"_bbp_total_topic_count":0,"_bbp_total_reply_count":0,"_bbp_voice_count":0,"_bbp_anonymous_reply_count":0,"_bbp_topic_count_hidden":0,"_bbp_reply_count_hidden":0,"_bbp_forum_subforum_count":0,"footnotes":""},"categories":[9,1,3,8,2],"tags":[],"class_list":["post-1071","post","type-post","status-publish","format-standard","hentry","category-1r","category-general","category-i4","category-i5","category-infantil"],"post_mailing_queue_ids":[],"_links":{"self":[{"href":"https:\/\/agora.xtec.cat\/ceip-torre-llauder-mataro\/wp-json\/wp\/v2\/posts\/1071","targetHints":{"allow":["GET"]}}],"collection":[{"href":"https:\/\/agora.xtec.cat\/ceip-torre-llauder-mataro\/wp-json\/wp\/v2\/posts"}],"about":[{"href":"https:\/\/agora.xtec.cat\/ceip-torre-llauder-mataro\/wp-json\/wp\/v2\/types\/post"}],"author":[{"embeddable":true,"href":"https:\/\/agora.xtec.cat\/ceip-torre-llauder-mataro\/wp-json\/wp\/v2\/users\/21"}],"replies":[{"embeddable":true,"href":"https:\/\/agora.xtec.cat\/ceip-torre-llauder-mataro\/wp-json\/wp\/v2\/comments?post=1071"}],"version-history":[{"count":1,"href":"https:\/\/agora.xtec.cat\/ceip-torre-llauder-mataro\/wp-json\/wp\/v2\/posts\/1071\/revisions"}],"predecessor-version":[{"id":1072,"href":"https:\/\/agora.xtec.cat\/ceip-torre-llauder-mataro\/wp-json\/wp\/v2\/posts\/1071\/revisions\/1072"}],"wp:attachment":[{"href":"https:\/\/agora.xtec.cat\/ceip-torre-llauder-mataro\/wp-json\/wp\/v2\/media?parent=1071"}],"wp:term":[{"taxonomy":"category","embeddable":true,"href":"https:\/\/agora.xtec.cat\/ceip-torre-llauder-mataro\/wp-json\/wp\/v2\/categories?post=1071"},{"taxonomy":"post_tag","embeddable":true,"href":"https:\/\/agora.xtec.cat\/ceip-torre-llauder-mataro\/wp-json\/wp\/v2\/tags?post=1071"}],"curies":[{"name":"wp","href":"https:\/\/api.w.org\/{rel}","templated":true}]}}