{"id":1066,"date":"2017-06-29T11:55:06","date_gmt":"2017-06-29T09:55:06","guid":{"rendered":"http:\/\/agora.xtec.cat\/ceip-torre-llauder-mataro\/?p=1066"},"modified":"2017-06-29T11:55:06","modified_gmt":"2017-06-29T09:55:06","slug":"teatre-4t","status":"publish","type":"post","link":"https:\/\/agora.xtec.cat\/ceip-torre-llauder-mataro\/general\/teatre-4t\/","title":{"rendered":"Teatre 4t"},"content":{"rendered":"<p>Tamb\u00e9 ara a final de curs els alumnes de 4t van representar a la sala d&#8217;actes del centre c\u00edvic Pla d&#8217;en Boet &#8220;El Rei Mel\u00f3&#8221;. \u00c9s l&#8217;obra de teatre que han estat preparant amb la Susana, ajudats per les tutores i altres mestres, durant aquest trimestre.<\/p>\n<p>Aqu\u00ed teniu els v\u00eddeos dels dos grups, que ho van fer molt b\u00e9. Enhorabona per la feina feta!<\/p>\n<p>4t A:<\/p>\n<p><iframe loading=\"lazy\" title=\"Teatre: &quot;El Rei Mel\u00f3&quot; (1a part). 4t A. Escola Torre Llauder, Matar\u00f3. Juny 2017\" width=\"500\" height=\"281\" src=\"https:\/\/www.youtube.com\/embed\/w5BmivMvxE4?feature=oembed\" frameborder=\"0\" allow=\"accelerometer; autoplay; clipboard-write; encrypted-media; gyroscope; picture-in-picture; web-share\" referrerpolicy=\"strict-origin-when-cross-origin\" allowfullscreen><\/iframe><\/p>\n<p><iframe loading=\"lazy\" title=\"Teatre: &quot;El Rei Mel\u00f3&quot; (2a part). 4t A. Escola Torre Llauder, Matar\u00f3. Juny 2017\" width=\"500\" height=\"281\" src=\"https:\/\/www.youtube.com\/embed\/sVXdsQsMLxM?feature=oembed\" frameborder=\"0\" allow=\"accelerometer; autoplay; clipboard-write; encrypted-media; gyroscope; picture-in-picture; web-share\" referrerpolicy=\"strict-origin-when-cross-origin\" allowfullscreen><\/iframe><\/p>\n<p>&nbsp;<\/p>\n<p>4t B:<\/p>\n<p><iframe loading=\"lazy\" title=\"Teatre: &quot;El Rei Mel\u00f3&quot; (1a part). 4t B. Escola Torre Llauder, Matar\u00f3. Juny 2017\" width=\"500\" height=\"281\" src=\"https:\/\/www.youtube.com\/embed\/eWuM6LKQa-U?feature=oembed\" frameborder=\"0\" allow=\"accelerometer; autoplay; clipboard-write; encrypted-media; gyroscope; picture-in-picture; web-share\" referrerpolicy=\"strict-origin-when-cross-origin\" allowfullscreen><\/iframe><\/p>\n<p><iframe loading=\"lazy\" title=\"Teatre: &quot;El Rei Mel\u00f3&quot; (2a part). 4t B. Escola Torre Llauder, Matar\u00f3. Juny 2017\" width=\"500\" height=\"281\" src=\"https:\/\/www.youtube.com\/embed\/2birirtJ9iE?feature=oembed\" frameborder=\"0\" allow=\"accelerometer; autoplay; clipboard-write; encrypted-media; gyroscope; picture-in-picture; web-share\" referrerpolicy=\"strict-origin-when-cross-origin\" allowfullscreen><\/iframe><\/p>\n<p>&nbsp;<\/p>\n<p>&nbsp;<\/p>\n","protected":false},"excerpt":{"rendered":"<p>Tamb\u00e9 ara a final de curs els alumnes de 4t van representar a la sala d&#8217;actes del centre c\u00edvic Pla d&#8217;en Boet &#8220;El Rei Mel\u00f3&#8221;. \u00c9s l&#8217;obra de teatre que han estat preparant amb la Susana, ajudats per les tutores i altres mestres, durant aquest&hellip;  <a href=\"https:\/\/agora.xtec.cat\/ceip-torre-llauder-mataro\/general\/teatre-4t\/\" title=\"Read Teatre 4t\">Llegeix m\u00e9s\u00bb<\/a><\/p>\n","protected":false},"author":1,"featured_media":1088,"comment_status":"open","ping_status":"closed","sticky":false,"template":"","format":"standard","meta":{"_bbp_topic_count":0,"_bbp_reply_count":0,"_bbp_total_topic_count":0,"_bbp_total_reply_count":0,"_bbp_voice_count":0,"_bbp_anonymous_reply_count":0,"_bbp_topic_count_hidden":0,"_bbp_reply_count_hidden":0,"_bbp_forum_subforum_count":0,"footnotes":""},"categories":[13,1,4],"tags":[],"class_list":["post-1066","post","type-post","status-publish","format-standard","has-post-thumbnail","hentry","category-5e","category-general","category-portada"],"post_mailing_queue_ids":[],"_links":{"self":[{"href":"https:\/\/agora.xtec.cat\/ceip-torre-llauder-mataro\/wp-json\/wp\/v2\/posts\/1066","targetHints":{"allow":["GET"]}}],"collection":[{"href":"https:\/\/agora.xtec.cat\/ceip-torre-llauder-mataro\/wp-json\/wp\/v2\/posts"}],"about":[{"href":"https:\/\/agora.xtec.cat\/ceip-torre-llauder-mataro\/wp-json\/wp\/v2\/types\/post"}],"author":[{"embeddable":true,"href":"https:\/\/agora.xtec.cat\/ceip-torre-llauder-mataro\/wp-json\/wp\/v2\/users\/1"}],"replies":[{"embeddable":true,"href":"https:\/\/agora.xtec.cat\/ceip-torre-llauder-mataro\/wp-json\/wp\/v2\/comments?post=1066"}],"version-history":[{"count":1,"href":"https:\/\/agora.xtec.cat\/ceip-torre-llauder-mataro\/wp-json\/wp\/v2\/posts\/1066\/revisions"}],"predecessor-version":[{"id":1089,"href":"https:\/\/agora.xtec.cat\/ceip-torre-llauder-mataro\/wp-json\/wp\/v2\/posts\/1066\/revisions\/1089"}],"wp:featuredmedia":[{"embeddable":true,"href":"https:\/\/agora.xtec.cat\/ceip-torre-llauder-mataro\/wp-json\/wp\/v2\/media\/1088"}],"wp:attachment":[{"href":"https:\/\/agora.xtec.cat\/ceip-torre-llauder-mataro\/wp-json\/wp\/v2\/media?parent=1066"}],"wp:term":[{"taxonomy":"category","embeddable":true,"href":"https:\/\/agora.xtec.cat\/ceip-torre-llauder-mataro\/wp-json\/wp\/v2\/categories?post=1066"},{"taxonomy":"post_tag","embeddable":true,"href":"https:\/\/agora.xtec.cat\/ceip-torre-llauder-mataro\/wp-json\/wp\/v2\/tags?post=1066"}],"curies":[{"name":"wp","href":"https:\/\/api.w.org\/{rel}","templated":true}]}}