{"id":1061,"date":"2017-06-08T21:24:16","date_gmt":"2017-06-08T19:24:16","guid":{"rendered":"http:\/\/agora.xtec.cat\/ceip-torre-llauder-mataro\/?p=1061"},"modified":"2017-06-08T21:24:16","modified_gmt":"2017-06-08T19:24:16","slug":"calendari-de-matematiques","status":"publish","type":"post","link":"https:\/\/agora.xtec.cat\/ceip-torre-llauder-mataro\/infantil\/i5\/calendari-de-matematiques\/","title":{"rendered":"Calendari de Matem\u00e0tiques"},"content":{"rendered":"<p>UUUUFFF, quina feinada ens ha donat el calendari de les matem\u00e0tiques!! Suposo que ja sabeu que al mes de MAIG apareix aquest calendari tan especial que cada dia ens presenta un ENIGMA que resolem entre tots i totes. Hem apr\u00e9s coses sobre nombres, sumes, colors, formes i seq\u00fcencies, tamb\u00e9 l\u00f2gica i raonament.<\/p>\n<p>A continuaci\u00f3 podeu veure algunes de les feines que hem pogut fer a l&#8217;aula:<\/p>\n<p><a href=\"https:\/\/goo.gl\/photos\/9jex525We6hefDkc7\">https:\/\/goo.gl\/photos\/9jex525We6hefDkc7<\/a><\/p>\n<p>&nbsp;<\/p>\n","protected":false},"excerpt":{"rendered":"<p>UUUUFFF, quina feinada ens ha donat el calendari de les matem\u00e0tiques!! Suposo que ja sabeu que al mes de MAIG apareix aquest calendari tan especial que cada dia ens presenta un ENIGMA que resolem entre tots i totes. Hem apr\u00e9s coses sobre nombres, sumes, colors,&hellip;  <a href=\"https:\/\/agora.xtec.cat\/ceip-torre-llauder-mataro\/infantil\/i5\/calendari-de-matematiques\/\" title=\"Read Calendari de Matem\u00e0tiques\">Llegeix m\u00e9s\u00bb<\/a><\/p>\n","protected":false},"author":21,"featured_media":0,"comment_status":"open","ping_status":"closed","sticky":false,"template":"","format":"standard","meta":{"_bbp_topic_count":0,"_bbp_reply_count":0,"_bbp_total_topic_count":0,"_bbp_total_reply_count":0,"_bbp_voice_count":0,"_bbp_anonymous_reply_count":0,"_bbp_topic_count_hidden":0,"_bbp_reply_count_hidden":0,"_bbp_forum_subforum_count":0,"footnotes":""},"categories":[8],"tags":[],"class_list":["post-1061","post","type-post","status-publish","format-standard","hentry","category-i5"],"post_mailing_queue_ids":[],"_links":{"self":[{"href":"https:\/\/agora.xtec.cat\/ceip-torre-llauder-mataro\/wp-json\/wp\/v2\/posts\/1061","targetHints":{"allow":["GET"]}}],"collection":[{"href":"https:\/\/agora.xtec.cat\/ceip-torre-llauder-mataro\/wp-json\/wp\/v2\/posts"}],"about":[{"href":"https:\/\/agora.xtec.cat\/ceip-torre-llauder-mataro\/wp-json\/wp\/v2\/types\/post"}],"author":[{"embeddable":true,"href":"https:\/\/agora.xtec.cat\/ceip-torre-llauder-mataro\/wp-json\/wp\/v2\/users\/21"}],"replies":[{"embeddable":true,"href":"https:\/\/agora.xtec.cat\/ceip-torre-llauder-mataro\/wp-json\/wp\/v2\/comments?post=1061"}],"version-history":[{"count":1,"href":"https:\/\/agora.xtec.cat\/ceip-torre-llauder-mataro\/wp-json\/wp\/v2\/posts\/1061\/revisions"}],"predecessor-version":[{"id":1062,"href":"https:\/\/agora.xtec.cat\/ceip-torre-llauder-mataro\/wp-json\/wp\/v2\/posts\/1061\/revisions\/1062"}],"wp:attachment":[{"href":"https:\/\/agora.xtec.cat\/ceip-torre-llauder-mataro\/wp-json\/wp\/v2\/media?parent=1061"}],"wp:term":[{"taxonomy":"category","embeddable":true,"href":"https:\/\/agora.xtec.cat\/ceip-torre-llauder-mataro\/wp-json\/wp\/v2\/categories?post=1061"},{"taxonomy":"post_tag","embeddable":true,"href":"https:\/\/agora.xtec.cat\/ceip-torre-llauder-mataro\/wp-json\/wp\/v2\/tags?post=1061"}],"curies":[{"name":"wp","href":"https:\/\/api.w.org\/{rel}","templated":true}]}}