{"id":1055,"date":"2017-06-01T12:08:57","date_gmt":"2017-06-01T10:08:57","guid":{"rendered":"http:\/\/agora.xtec.cat\/ceip-torre-llauder-mataro\/?p=1055"},"modified":"2017-06-01T12:08:57","modified_gmt":"2017-06-01T10:08:57","slug":"3r-dia-de-colonies-de-primaria","status":"publish","type":"post","link":"https:\/\/agora.xtec.cat\/ceip-torre-llauder-mataro\/general\/3r-dia-de-colonies-de-primaria\/","title":{"rendered":"3r dia de col\u00f2nies de Prim\u00e0ria"},"content":{"rendered":"<p>Despr\u00e9s de la piscina i la disco d&#8217;ahir (entre altres activitats), de descansar i d&#8217;esmorzar, ja estan preparats per al darrer dia. Fa estona que estan gaudint de noves activitats.<\/p>\n<p>En aquest enlla\u00e7 trobareu la carpeta on anirem posant algunes fotos d&#8217;avui:<\/p>\n<p><a href=\"https:\/\/goo.gl\/photos\/8nmbT78MRwApXxBe9\">Col\u00f2nies EP 3r dia<\/a><\/p>\n<p>&nbsp;<\/p>\n<p>&nbsp;<\/p>\n","protected":false},"excerpt":{"rendered":"<p>Despr\u00e9s de la piscina i la disco d&#8217;ahir (entre altres activitats), de descansar i d&#8217;esmorzar, ja estan preparats per al darrer dia. Fa estona que estan gaudint de noves activitats.<br \/>\nEn aquest enlla\u00e7 trobareu la carpeta on anirem posant algunes fotos d&#8217;avui:<br \/>\n<a href=\"https:\/\/goo.gl\/photos\/8nmbT78MRwApXxBe9\">Col\u00f2nies EP 3r dia<\/a><br \/>\n&nbsp;<br \/>\n&nbsp;<\/p>\n","protected":false},"author":1,"featured_media":0,"comment_status":"open","ping_status":"closed","sticky":false,"template":"","format":"standard","meta":{"_bbp_topic_count":0,"_bbp_reply_count":0,"_bbp_total_topic_count":0,"_bbp_total_reply_count":0,"_bbp_voice_count":0,"_bbp_anonymous_reply_count":0,"_bbp_topic_count_hidden":0,"_bbp_reply_count_hidden":0,"_bbp_forum_subforum_count":0,"footnotes":""},"categories":[10,11,12,13,14,1,4,5,15],"tags":[],"class_list":["post-1055","post","type-post","status-publish","format-standard","hentry","category-2n","category-3r","category-4t","category-5e","category-6e","category-general","category-portada","category-primaria","category-promocio-2009-2018"],"post_mailing_queue_ids":[],"_links":{"self":[{"href":"https:\/\/agora.xtec.cat\/ceip-torre-llauder-mataro\/wp-json\/wp\/v2\/posts\/1055","targetHints":{"allow":["GET"]}}],"collection":[{"href":"https:\/\/agora.xtec.cat\/ceip-torre-llauder-mataro\/wp-json\/wp\/v2\/posts"}],"about":[{"href":"https:\/\/agora.xtec.cat\/ceip-torre-llauder-mataro\/wp-json\/wp\/v2\/types\/post"}],"author":[{"embeddable":true,"href":"https:\/\/agora.xtec.cat\/ceip-torre-llauder-mataro\/wp-json\/wp\/v2\/users\/1"}],"replies":[{"embeddable":true,"href":"https:\/\/agora.xtec.cat\/ceip-torre-llauder-mataro\/wp-json\/wp\/v2\/comments?post=1055"}],"version-history":[{"count":1,"href":"https:\/\/agora.xtec.cat\/ceip-torre-llauder-mataro\/wp-json\/wp\/v2\/posts\/1055\/revisions"}],"predecessor-version":[{"id":1056,"href":"https:\/\/agora.xtec.cat\/ceip-torre-llauder-mataro\/wp-json\/wp\/v2\/posts\/1055\/revisions\/1056"}],"wp:attachment":[{"href":"https:\/\/agora.xtec.cat\/ceip-torre-llauder-mataro\/wp-json\/wp\/v2\/media?parent=1055"}],"wp:term":[{"taxonomy":"category","embeddable":true,"href":"https:\/\/agora.xtec.cat\/ceip-torre-llauder-mataro\/wp-json\/wp\/v2\/categories?post=1055"},{"taxonomy":"post_tag","embeddable":true,"href":"https:\/\/agora.xtec.cat\/ceip-torre-llauder-mataro\/wp-json\/wp\/v2\/tags?post=1055"}],"curies":[{"name":"wp","href":"https:\/\/api.w.org\/{rel}","templated":true}]}}