{"id":1050,"date":"2017-05-31T16:22:04","date_gmt":"2017-05-31T14:22:04","guid":{"rendered":"http:\/\/agora.xtec.cat\/ceip-torre-llauder-mataro\/?p=1050"},"modified":"2017-05-31T16:22:39","modified_gmt":"2017-05-31T14:22:39","slug":"infantil-tambe-marxa-de-colonies","status":"publish","type":"post","link":"https:\/\/agora.xtec.cat\/ceip-torre-llauder-mataro\/general\/infantil-tambe-marxa-de-colonies\/","title":{"rendered":"Infantil tamb\u00e9 marxa de col\u00f2nies!"},"content":{"rendered":"<p>Aquest mat\u00ed els nens i nenes de p3, p4 i p5 han marxat de col\u00f2nies a La Conreria, a Tiana.<\/p>\n<p>Han arribat molt b\u00e9 i ja han fet moltes activitats.<\/p>\n<p>En aquest enlla\u00e7 trobareu la carpeta on anirem posant algunes fotos d&#8217;avui:<\/p>\n<p><a href=\"https:\/\/goo.gl\/photos\/a22gBz2Dw1mqjWuL7\">Col\u00f2nies EI 1r dia<\/a><\/p>\n<p>&nbsp;<\/p>\n","protected":false},"excerpt":{"rendered":"<p>Aquest mat\u00ed els nens i nenes de p3, p4 i p5 han marxat de col\u00f2nies a La Conreria, a Tiana.<br \/>\nHan arribat molt b\u00e9 i ja han fet moltes activitats.<br \/>\nEn aquest enlla\u00e7 trobareu la carpeta on anirem posant algunes fotos d&#8217;avui:<br \/>\n<a href=\"https:\/\/goo.gl\/photos\/a22gBz2Dw1mqjWuL7\">Col\u00f2nies EI 1r dia<\/a><br \/>\n&nbsp;<\/p>\n","protected":false},"author":1,"featured_media":0,"comment_status":"open","ping_status":"closed","sticky":false,"template":"","format":"standard","meta":{"_bbp_topic_count":0,"_bbp_reply_count":0,"_bbp_total_topic_count":0,"_bbp_total_reply_count":0,"_bbp_voice_count":0,"_bbp_anonymous_reply_count":0,"_bbp_topic_count_hidden":0,"_bbp_reply_count_hidden":0,"_bbp_forum_subforum_count":0,"footnotes":""},"categories":[9,1,3,8,2,4],"tags":[65],"class_list":["post-1050","post","type-post","status-publish","format-standard","hentry","category-1r","category-general","category-i4","category-i5","category-infantil","category-portada","tag-colonies"],"post_mailing_queue_ids":[],"_links":{"self":[{"href":"https:\/\/agora.xtec.cat\/ceip-torre-llauder-mataro\/wp-json\/wp\/v2\/posts\/1050","targetHints":{"allow":["GET"]}}],"collection":[{"href":"https:\/\/agora.xtec.cat\/ceip-torre-llauder-mataro\/wp-json\/wp\/v2\/posts"}],"about":[{"href":"https:\/\/agora.xtec.cat\/ceip-torre-llauder-mataro\/wp-json\/wp\/v2\/types\/post"}],"author":[{"embeddable":true,"href":"https:\/\/agora.xtec.cat\/ceip-torre-llauder-mataro\/wp-json\/wp\/v2\/users\/1"}],"replies":[{"embeddable":true,"href":"https:\/\/agora.xtec.cat\/ceip-torre-llauder-mataro\/wp-json\/wp\/v2\/comments?post=1050"}],"version-history":[{"count":1,"href":"https:\/\/agora.xtec.cat\/ceip-torre-llauder-mataro\/wp-json\/wp\/v2\/posts\/1050\/revisions"}],"predecessor-version":[{"id":1051,"href":"https:\/\/agora.xtec.cat\/ceip-torre-llauder-mataro\/wp-json\/wp\/v2\/posts\/1050\/revisions\/1051"}],"wp:attachment":[{"href":"https:\/\/agora.xtec.cat\/ceip-torre-llauder-mataro\/wp-json\/wp\/v2\/media?parent=1050"}],"wp:term":[{"taxonomy":"category","embeddable":true,"href":"https:\/\/agora.xtec.cat\/ceip-torre-llauder-mataro\/wp-json\/wp\/v2\/categories?post=1050"},{"taxonomy":"post_tag","embeddable":true,"href":"https:\/\/agora.xtec.cat\/ceip-torre-llauder-mataro\/wp-json\/wp\/v2\/tags?post=1050"}],"curies":[{"name":"wp","href":"https:\/\/api.w.org\/{rel}","templated":true}]}}