{"id":1047,"date":"2017-05-31T10:38:36","date_gmt":"2017-05-31T08:38:36","guid":{"rendered":"http:\/\/agora.xtec.cat\/ceip-torre-llauder-mataro\/?p=1047"},"modified":"2017-05-31T10:41:16","modified_gmt":"2017-05-31T08:41:16","slug":"2n-dia-de-colonies-de-primaria","status":"publish","type":"post","link":"https:\/\/agora.xtec.cat\/ceip-torre-llauder-mataro\/general\/2n-dia-de-colonies-de-primaria\/","title":{"rendered":"2n dia de col\u00f2nies de Prim\u00e0ria"},"content":{"rendered":"<p>Despr\u00e9s de les activitats d&#8217;ahir, de preparar les habitacions, dels \u00e0pats i del joc de nit, han descansat molt i s&#8217;han llevat com nous.<\/p>\n<p>Un bon esmorzar i&#8230; a gaudir del nou dia! Avui amb millor temps.<\/p>\n<p>En aquest enlla\u00e7 trobareu la carpeta on anirem penjant algunes fotos del segon dia:<\/p>\n<p><a href=\"https:\/\/goo.gl\/photos\/UDo41SpjVV36Ms5D6\">Col\u00f2nies EP 2n dia<\/a><\/p>\n<p>&nbsp;<\/p>\n","protected":false},"excerpt":{"rendered":"<p>Despr\u00e9s de les activitats d&#8217;ahir, de preparar les habitacions, dels \u00e0pats i del joc de nit, han descansat molt i s&#8217;han llevat com nous.<br \/>\nUn bon esmorzar i&#8230; a gaudir del nou dia! Avui amb millor temps.<br \/>\nEn aquest enlla\u00e7 trobareu la carpeta on anirem penjant algunes&hellip;  <a href=\"https:\/\/agora.xtec.cat\/ceip-torre-llauder-mataro\/general\/2n-dia-de-colonies-de-primaria\/\" title=\"Read 2n dia de col\u00f2nies de Prim\u00e0ria\">Llegeix m\u00e9s\u00bb<\/a><\/p>\n","protected":false},"author":1,"featured_media":0,"comment_status":"open","ping_status":"closed","sticky":false,"template":"","format":"standard","meta":{"_bbp_topic_count":0,"_bbp_reply_count":0,"_bbp_total_topic_count":0,"_bbp_total_reply_count":0,"_bbp_voice_count":0,"_bbp_anonymous_reply_count":0,"_bbp_topic_count_hidden":0,"_bbp_reply_count_hidden":0,"_bbp_forum_subforum_count":0,"footnotes":""},"categories":[10,11,12,13,14,1,4,5,15],"tags":[],"class_list":["post-1047","post","type-post","status-publish","format-standard","hentry","category-2n","category-3r","category-4t","category-5e","category-6e","category-general","category-portada","category-primaria","category-promocio-2009-2018"],"post_mailing_queue_ids":[],"_links":{"self":[{"href":"https:\/\/agora.xtec.cat\/ceip-torre-llauder-mataro\/wp-json\/wp\/v2\/posts\/1047","targetHints":{"allow":["GET"]}}],"collection":[{"href":"https:\/\/agora.xtec.cat\/ceip-torre-llauder-mataro\/wp-json\/wp\/v2\/posts"}],"about":[{"href":"https:\/\/agora.xtec.cat\/ceip-torre-llauder-mataro\/wp-json\/wp\/v2\/types\/post"}],"author":[{"embeddable":true,"href":"https:\/\/agora.xtec.cat\/ceip-torre-llauder-mataro\/wp-json\/wp\/v2\/users\/1"}],"replies":[{"embeddable":true,"href":"https:\/\/agora.xtec.cat\/ceip-torre-llauder-mataro\/wp-json\/wp\/v2\/comments?post=1047"}],"version-history":[{"count":2,"href":"https:\/\/agora.xtec.cat\/ceip-torre-llauder-mataro\/wp-json\/wp\/v2\/posts\/1047\/revisions"}],"predecessor-version":[{"id":1049,"href":"https:\/\/agora.xtec.cat\/ceip-torre-llauder-mataro\/wp-json\/wp\/v2\/posts\/1047\/revisions\/1049"}],"wp:attachment":[{"href":"https:\/\/agora.xtec.cat\/ceip-torre-llauder-mataro\/wp-json\/wp\/v2\/media?parent=1047"}],"wp:term":[{"taxonomy":"category","embeddable":true,"href":"https:\/\/agora.xtec.cat\/ceip-torre-llauder-mataro\/wp-json\/wp\/v2\/categories?post=1047"},{"taxonomy":"post_tag","embeddable":true,"href":"https:\/\/agora.xtec.cat\/ceip-torre-llauder-mataro\/wp-json\/wp\/v2\/tags?post=1047"}],"curies":[{"name":"wp","href":"https:\/\/api.w.org\/{rel}","templated":true}]}}