{"id":1042,"date":"2017-05-29T16:38:15","date_gmt":"2017-05-29T14:38:15","guid":{"rendered":"http:\/\/agora.xtec.cat\/ceip-torre-llauder-mataro\/?p=1042"},"modified":"2017-06-29T11:56:35","modified_gmt":"2017-06-29T09:56:35","slug":"teatre-de-6e","status":"publish","type":"post","link":"https:\/\/agora.xtec.cat\/ceip-torre-llauder-mataro\/general\/teatre-de-6e\/","title":{"rendered":"Teatre de 6\u00e8"},"content":{"rendered":"<p>La setmana passada va tenir lloc la VII Mostra de Teatre Infantil de Matar\u00f3, en la qual van participar els alumnes de 6\u00e8 de la nostra escola. Dijous passat van representar a la sala d&#8217;actes de l&#8217;institut Miquel Biada &#8220;La Valentia&#8221;, l&#8217;obra que havien preparat amb la S\u00edlvia, la Susana i l&#8217;Enric.<\/p>\n<p>Enhorabona a tots per la feina ben feta i pel resultat!<\/p>\n<p><iframe loading=\"lazy\" title=\"La Valentia, 1a part. 6\u00e8, Escola Torre Llauder, Matar\u00f3. Maig 2017\" width=\"500\" height=\"281\" src=\"https:\/\/www.youtube.com\/embed\/OFkwVQU7mrk?feature=oembed\" frameborder=\"0\" allow=\"accelerometer; autoplay; clipboard-write; encrypted-media; gyroscope; picture-in-picture; web-share\" referrerpolicy=\"strict-origin-when-cross-origin\" allowfullscreen><\/iframe><\/p>\n<p>&nbsp;<\/p>\n<p><iframe loading=\"lazy\" title=\"La Valentia, 2a part. 6\u00e8, Escola Torre Llauder, Matar\u00f3. Maig 2017\" width=\"500\" height=\"281\" src=\"https:\/\/www.youtube.com\/embed\/D3yrqRjX9m4?feature=oembed\" frameborder=\"0\" allow=\"accelerometer; autoplay; clipboard-write; encrypted-media; gyroscope; picture-in-picture; web-share\" referrerpolicy=\"strict-origin-when-cross-origin\" allowfullscreen><\/iframe><\/p>\n","protected":false},"excerpt":{"rendered":"<p>La setmana passada va tenir lloc la VII Mostra de Teatre Infantil de Matar\u00f3, en la qual van participar els alumnes de 6\u00e8 de la nostra escola. Dijous passat van representar a la sala d&#8217;actes de l&#8217;institut Miquel Biada &#8220;La Valentia&#8221;, l&#8217;obra que havien preparat&hellip;  <a href=\"https:\/\/agora.xtec.cat\/ceip-torre-llauder-mataro\/general\/teatre-de-6e\/\" title=\"Read Teatre de 6\u00e8\">Llegeix m\u00e9s\u00bb<\/a><\/p>\n","protected":false},"author":1,"featured_media":1043,"comment_status":"open","ping_status":"closed","sticky":false,"template":"","format":"standard","meta":{"_bbp_topic_count":0,"_bbp_reply_count":0,"_bbp_total_topic_count":0,"_bbp_total_reply_count":0,"_bbp_voice_count":0,"_bbp_anonymous_reply_count":0,"_bbp_topic_count_hidden":0,"_bbp_reply_count_hidden":0,"_bbp_forum_subforum_count":0,"footnotes":""},"categories":[1,4,15],"tags":[],"class_list":["post-1042","post","type-post","status-publish","format-standard","has-post-thumbnail","hentry","category-general","category-portada","category-promocio-2009-2018"],"post_mailing_queue_ids":[],"_links":{"self":[{"href":"https:\/\/agora.xtec.cat\/ceip-torre-llauder-mataro\/wp-json\/wp\/v2\/posts\/1042","targetHints":{"allow":["GET"]}}],"collection":[{"href":"https:\/\/agora.xtec.cat\/ceip-torre-llauder-mataro\/wp-json\/wp\/v2\/posts"}],"about":[{"href":"https:\/\/agora.xtec.cat\/ceip-torre-llauder-mataro\/wp-json\/wp\/v2\/types\/post"}],"author":[{"embeddable":true,"href":"https:\/\/agora.xtec.cat\/ceip-torre-llauder-mataro\/wp-json\/wp\/v2\/users\/1"}],"replies":[{"embeddable":true,"href":"https:\/\/agora.xtec.cat\/ceip-torre-llauder-mataro\/wp-json\/wp\/v2\/comments?post=1042"}],"version-history":[{"count":1,"href":"https:\/\/agora.xtec.cat\/ceip-torre-llauder-mataro\/wp-json\/wp\/v2\/posts\/1042\/revisions"}],"predecessor-version":[{"id":1044,"href":"https:\/\/agora.xtec.cat\/ceip-torre-llauder-mataro\/wp-json\/wp\/v2\/posts\/1042\/revisions\/1044"}],"wp:featuredmedia":[{"embeddable":true,"href":"https:\/\/agora.xtec.cat\/ceip-torre-llauder-mataro\/wp-json\/wp\/v2\/media\/1043"}],"wp:attachment":[{"href":"https:\/\/agora.xtec.cat\/ceip-torre-llauder-mataro\/wp-json\/wp\/v2\/media?parent=1042"}],"wp:term":[{"taxonomy":"category","embeddable":true,"href":"https:\/\/agora.xtec.cat\/ceip-torre-llauder-mataro\/wp-json\/wp\/v2\/categories?post=1042"},{"taxonomy":"post_tag","embeddable":true,"href":"https:\/\/agora.xtec.cat\/ceip-torre-llauder-mataro\/wp-json\/wp\/v2\/tags?post=1042"}],"curies":[{"name":"wp","href":"https:\/\/api.w.org\/{rel}","templated":true}]}}