{"id":1034,"date":"2017-05-18T23:55:37","date_gmt":"2017-05-18T21:55:37","guid":{"rendered":"http:\/\/agora.xtec.cat\/ceip-torre-llauder-mataro\/?p=1034"},"modified":"2017-05-18T23:55:37","modified_gmt":"2017-05-18T21:55:37","slug":"exp-batut-de-maduixa","status":"publish","type":"post","link":"https:\/\/agora.xtec.cat\/ceip-torre-llauder-mataro\/infantil\/i5\/exp-batut-de-maduixa\/","title":{"rendered":"EXP BATUT DE MADUIXA"},"content":{"rendered":"<p>Aquesta setmana a experimentaci\u00f3 hem pogut gaudir d&#8217;una fruita molt bonica i molt caracter\u00edstica de la primavera: LA MADUIXA!!! I a m\u00e9s de boniques &#8230; bon\u00edssimes!! Les hem pogut observar, tastar, olorar&#8230; I despr\u00e9s hem preparat la recepta per fer batut, necessitem les maduixes, sucre i llet i, \u00e9s clar, una batedora per poder fer el batut. Amb molt de compte les hem pogut tallar i barrejar amb la resta d&#8217;ingredients. Els nens i nenes que han volgut l&#8217;han tastat i a la majoria els ha agradat for\u00e7a!! Us animem a fer-ho a casa i de cara a l&#8217;estiu fins i tot ho podreu congelar, i fer la variaci\u00f3 de gelat de maduixa, segur que ser\u00e0 un \u00e8xit!!<\/p>\n<p><a href=\"https:\/\/goo.gl\/photos\/AY4M4rMRuDHG5qvh6\">https:\/\/goo.gl\/photos\/AY4M4rMRuDHG5qvh6<\/a><\/p>\n<p>&nbsp;<\/p>\n<p>&nbsp;<\/p>\n","protected":false},"excerpt":{"rendered":"<p>Aquesta setmana a experimentaci\u00f3 hem pogut gaudir d&#8217;una fruita molt bonica i molt caracter\u00edstica de la primavera: LA MADUIXA!!! I a m\u00e9s de boniques &#8230; bon\u00edssimes!! Les hem pogut observar, tastar, olorar&#8230; I despr\u00e9s hem preparat la recepta per fer batut, necessitem les maduixes, sucre&hellip;  <a href=\"https:\/\/agora.xtec.cat\/ceip-torre-llauder-mataro\/infantil\/i5\/exp-batut-de-maduixa\/\" title=\"Read EXP BATUT DE MADUIXA\">Llegeix m\u00e9s\u00bb<\/a><\/p>\n","protected":false},"author":21,"featured_media":0,"comment_status":"open","ping_status":"open","sticky":false,"template":"","format":"standard","meta":{"_bbp_topic_count":0,"_bbp_reply_count":0,"_bbp_total_topic_count":0,"_bbp_total_reply_count":0,"_bbp_voice_count":0,"_bbp_anonymous_reply_count":0,"_bbp_topic_count_hidden":0,"_bbp_reply_count_hidden":0,"_bbp_forum_subforum_count":0,"footnotes":""},"categories":[8],"tags":[],"class_list":["post-1034","post","type-post","status-publish","format-standard","hentry","category-i5"],"post_mailing_queue_ids":[],"_links":{"self":[{"href":"https:\/\/agora.xtec.cat\/ceip-torre-llauder-mataro\/wp-json\/wp\/v2\/posts\/1034","targetHints":{"allow":["GET"]}}],"collection":[{"href":"https:\/\/agora.xtec.cat\/ceip-torre-llauder-mataro\/wp-json\/wp\/v2\/posts"}],"about":[{"href":"https:\/\/agora.xtec.cat\/ceip-torre-llauder-mataro\/wp-json\/wp\/v2\/types\/post"}],"author":[{"embeddable":true,"href":"https:\/\/agora.xtec.cat\/ceip-torre-llauder-mataro\/wp-json\/wp\/v2\/users\/21"}],"replies":[{"embeddable":true,"href":"https:\/\/agora.xtec.cat\/ceip-torre-llauder-mataro\/wp-json\/wp\/v2\/comments?post=1034"}],"version-history":[{"count":1,"href":"https:\/\/agora.xtec.cat\/ceip-torre-llauder-mataro\/wp-json\/wp\/v2\/posts\/1034\/revisions"}],"predecessor-version":[{"id":1035,"href":"https:\/\/agora.xtec.cat\/ceip-torre-llauder-mataro\/wp-json\/wp\/v2\/posts\/1034\/revisions\/1035"}],"wp:attachment":[{"href":"https:\/\/agora.xtec.cat\/ceip-torre-llauder-mataro\/wp-json\/wp\/v2\/media?parent=1034"}],"wp:term":[{"taxonomy":"category","embeddable":true,"href":"https:\/\/agora.xtec.cat\/ceip-torre-llauder-mataro\/wp-json\/wp\/v2\/categories?post=1034"},{"taxonomy":"post_tag","embeddable":true,"href":"https:\/\/agora.xtec.cat\/ceip-torre-llauder-mataro\/wp-json\/wp\/v2\/tags?post=1034"}],"curies":[{"name":"wp","href":"https:\/\/api.w.org\/{rel}","templated":true}]}}