{"id":1015,"date":"2017-05-05T21:25:34","date_gmt":"2017-05-05T19:25:34","guid":{"rendered":"http:\/\/agora.xtec.cat\/ceip-torre-llauder-mataro\/?p=1015"},"modified":"2017-05-05T21:41:11","modified_gmt":"2017-05-05T19:41:11","slug":"p3-i-p4-biblioteca-al-cel-obert","status":"publish","type":"post","link":"https:\/\/agora.xtec.cat\/ceip-torre-llauder-mataro\/infantil\/p3-i-p4-biblioteca-al-cel-obert\/","title":{"rendered":"P3 i P4 biblioteca al cel obert"},"content":{"rendered":"<p>El passat 21 d&#8217;abril els nens i nenes de P3 i P4 vam poder gaudir de la biblioteca que hi havia a la Pla\u00e7a Santa Anna, ben especial ja que \u00e9s a l&#8217;aire lliure. Vam poder veure i viure l&#8217;ambient de Sant Jordi amb les paradetes de contes i llibres. I despr\u00e9s un munt de contes a la nostra disposici\u00f3 cedits per la Biblioteca Municipal. A m\u00e9s, vam tenir la sort d&#8217;escoltar la representaci\u00f3 del conte &#8220;El monstre de colors&#8221; feta per uns nois i noies de la ESO.<\/p>\n<p>Mireu que a gust que estem <a href=\"https:\/\/goo.gl\/photos\/kRRdNRQkPDLbudYJ8\">https:\/\/goo.gl\/photos\/kRRdNRQkPDLbudYJ8<\/a><\/p>\n<p>&nbsp;<\/p>\n<p>&nbsp;<\/p>\n<p>&nbsp;<\/p>\n<p>&nbsp;<\/p>\n<p>&nbsp;<\/p>\n<p>&nbsp;<\/p>\n<p>&nbsp;<\/p>\n<p>&nbsp;<\/p>\n<p>&nbsp;<\/p>\n","protected":false},"excerpt":{"rendered":"<p>El passat 21 d&#8217;abril els nens i nenes de P3 i P4 vam poder gaudir de la biblioteca que hi havia a la Pla\u00e7a Santa Anna, ben especial ja que \u00e9s a l&#8217;aire lliure. Vam poder veure i viure l&#8217;ambient de Sant Jordi amb les&hellip;  <a href=\"https:\/\/agora.xtec.cat\/ceip-torre-llauder-mataro\/infantil\/p3-i-p4-biblioteca-al-cel-obert\/\" title=\"Read P3 i P4 biblioteca al cel obert\">Llegeix m\u00e9s\u00bb<\/a><\/p>\n","protected":false},"author":21,"featured_media":0,"comment_status":"open","ping_status":"open","sticky":false,"template":"","format":"standard","meta":{"_bbp_topic_count":0,"_bbp_reply_count":0,"_bbp_total_topic_count":0,"_bbp_total_reply_count":0,"_bbp_voice_count":0,"_bbp_anonymous_reply_count":0,"_bbp_topic_count_hidden":0,"_bbp_reply_count_hidden":0,"_bbp_forum_subforum_count":0,"footnotes":""},"categories":[3,8,2],"tags":[],"class_list":["post-1015","post","type-post","status-publish","format-standard","hentry","category-i4","category-i5","category-infantil"],"post_mailing_queue_ids":[],"_links":{"self":[{"href":"https:\/\/agora.xtec.cat\/ceip-torre-llauder-mataro\/wp-json\/wp\/v2\/posts\/1015","targetHints":{"allow":["GET"]}}],"collection":[{"href":"https:\/\/agora.xtec.cat\/ceip-torre-llauder-mataro\/wp-json\/wp\/v2\/posts"}],"about":[{"href":"https:\/\/agora.xtec.cat\/ceip-torre-llauder-mataro\/wp-json\/wp\/v2\/types\/post"}],"author":[{"embeddable":true,"href":"https:\/\/agora.xtec.cat\/ceip-torre-llauder-mataro\/wp-json\/wp\/v2\/users\/21"}],"replies":[{"embeddable":true,"href":"https:\/\/agora.xtec.cat\/ceip-torre-llauder-mataro\/wp-json\/wp\/v2\/comments?post=1015"}],"version-history":[{"count":3,"href":"https:\/\/agora.xtec.cat\/ceip-torre-llauder-mataro\/wp-json\/wp\/v2\/posts\/1015\/revisions"}],"predecessor-version":[{"id":1019,"href":"https:\/\/agora.xtec.cat\/ceip-torre-llauder-mataro\/wp-json\/wp\/v2\/posts\/1015\/revisions\/1019"}],"wp:attachment":[{"href":"https:\/\/agora.xtec.cat\/ceip-torre-llauder-mataro\/wp-json\/wp\/v2\/media?parent=1015"}],"wp:term":[{"taxonomy":"category","embeddable":true,"href":"https:\/\/agora.xtec.cat\/ceip-torre-llauder-mataro\/wp-json\/wp\/v2\/categories?post=1015"},{"taxonomy":"post_tag","embeddable":true,"href":"https:\/\/agora.xtec.cat\/ceip-torre-llauder-mataro\/wp-json\/wp\/v2\/tags?post=1015"}],"curies":[{"name":"wp","href":"https:\/\/api.w.org\/{rel}","templated":true}]}}