{"id":1013,"date":"2017-05-04T20:50:28","date_gmt":"2017-05-04T18:50:28","guid":{"rendered":"http:\/\/agora.xtec.cat\/ceip-torre-llauder-mataro\/?p=1013"},"modified":"2017-05-04T20:50:28","modified_gmt":"2017-05-04T18:50:28","slug":"sortida-al-corredor-7-abril-2017","status":"publish","type":"post","link":"https:\/\/agora.xtec.cat\/ceip-torre-llauder-mataro\/infantil\/sortida-al-corredor-7-abril-2017\/","title":{"rendered":"SORTIDA AL CORREDOR -7 ABRIL 2017-"},"content":{"rendered":"<p>Holaaaa!! us fem arribar fotos de la sortida de primavera on ens ho vam passar d&#8217;all\u00f2 m\u00e9s b\u00e9!!<\/p>\n<p><a href=\"https:\/\/goo.gl\/photos\/YddEpdvNcPdAU85G9\">https:\/\/goo.gl\/photos\/YddEpdvNcPdAU85G9<\/a><\/p>\n<p>&nbsp;<\/p>\n","protected":false},"excerpt":{"rendered":"<p>Holaaaa!! us fem arribar fotos de la sortida de primavera on ens ho vam passar d&#8217;all\u00f2 m\u00e9s b\u00e9!!<br \/>\n<a href=\"https:\/\/goo.gl\/photos\/YddEpdvNcPdAU85G9\">https:\/\/goo.gl\/photos\/YddEpdvNcPdAU85G9<\/a><br \/>\n&nbsp;<\/p>\n","protected":false},"author":21,"featured_media":0,"comment_status":"open","ping_status":"open","sticky":false,"template":"","format":"standard","meta":{"_bbp_topic_count":0,"_bbp_reply_count":0,"_bbp_total_topic_count":0,"_bbp_total_reply_count":0,"_bbp_voice_count":0,"_bbp_anonymous_reply_count":0,"_bbp_topic_count_hidden":0,"_bbp_reply_count_hidden":0,"_bbp_forum_subforum_count":0,"footnotes":""},"categories":[9,3,8,2],"tags":[],"class_list":["post-1013","post","type-post","status-publish","format-standard","hentry","category-1r","category-i4","category-i5","category-infantil"],"post_mailing_queue_ids":[],"_links":{"self":[{"href":"https:\/\/agora.xtec.cat\/ceip-torre-llauder-mataro\/wp-json\/wp\/v2\/posts\/1013","targetHints":{"allow":["GET"]}}],"collection":[{"href":"https:\/\/agora.xtec.cat\/ceip-torre-llauder-mataro\/wp-json\/wp\/v2\/posts"}],"about":[{"href":"https:\/\/agora.xtec.cat\/ceip-torre-llauder-mataro\/wp-json\/wp\/v2\/types\/post"}],"author":[{"embeddable":true,"href":"https:\/\/agora.xtec.cat\/ceip-torre-llauder-mataro\/wp-json\/wp\/v2\/users\/21"}],"replies":[{"embeddable":true,"href":"https:\/\/agora.xtec.cat\/ceip-torre-llauder-mataro\/wp-json\/wp\/v2\/comments?post=1013"}],"version-history":[{"count":1,"href":"https:\/\/agora.xtec.cat\/ceip-torre-llauder-mataro\/wp-json\/wp\/v2\/posts\/1013\/revisions"}],"predecessor-version":[{"id":1014,"href":"https:\/\/agora.xtec.cat\/ceip-torre-llauder-mataro\/wp-json\/wp\/v2\/posts\/1013\/revisions\/1014"}],"wp:attachment":[{"href":"https:\/\/agora.xtec.cat\/ceip-torre-llauder-mataro\/wp-json\/wp\/v2\/media?parent=1013"}],"wp:term":[{"taxonomy":"category","embeddable":true,"href":"https:\/\/agora.xtec.cat\/ceip-torre-llauder-mataro\/wp-json\/wp\/v2\/categories?post=1013"},{"taxonomy":"post_tag","embeddable":true,"href":"https:\/\/agora.xtec.cat\/ceip-torre-llauder-mataro\/wp-json\/wp\/v2\/tags?post=1013"}],"curies":[{"name":"wp","href":"https:\/\/api.w.org\/{rel}","templated":true}]}}