{"id":1005,"date":"2017-04-30T17:40:29","date_gmt":"2017-04-30T15:40:29","guid":{"rendered":"http:\/\/agora.xtec.cat\/ceip-torre-llauder-mataro\/?p=1005"},"modified":"2017-04-30T17:43:48","modified_gmt":"2017-04-30T15:43:48","slug":"p4-racons-marc-i-abril","status":"publish","type":"post","link":"https:\/\/agora.xtec.cat\/ceip-torre-llauder-mataro\/infantil\/i5\/p4-racons-marc-i-abril\/","title":{"rendered":"P4 RACONS MAR\u00c7 i ABRIL"},"content":{"rendered":"<p>Us deixa a continuaci\u00f3 els dos \u00e0lbums que corresponen al treball per racons del mes de mar\u00e7 i el de l&#8217;abril. Podreu comprovar que els nens i nenes aprenen de manera motivadora compartint els seus progressos entre els companys\/es. Veureu els \u00faltims racons destinats a l&#8217;hivern i els primers dedicats al comen\u00e7ament de la primavera.<\/p>\n<p><a href=\"https:\/\/goo.gl\/photos\/EGxHyBeV5pDkHkLq5\">https:\/\/goo.gl\/photos\/EGxHyBeV5pDkHkLq5<\/a><\/p>\n<p><a href=\"https:\/\/goo.gl\/photos\/K83oNBkjanWRrNaD6\">https:\/\/goo.gl\/photos\/K83oNBkjanWRrNaD6<\/a><\/p>\n<p>&nbsp;<\/p>\n","protected":false},"excerpt":{"rendered":"<p>Us deixa a continuaci\u00f3 els dos \u00e0lbums que corresponen al treball per racons del mes de mar\u00e7 i el de l&#8217;abril. Podreu comprovar que els nens i nenes aprenen de manera motivadora compartint els seus progressos entre els companys\/es. Veureu els \u00faltims racons destinats a&hellip;  <a href=\"https:\/\/agora.xtec.cat\/ceip-torre-llauder-mataro\/infantil\/i5\/p4-racons-marc-i-abril\/\" title=\"Read P4 RACONS MAR\u00c7 i ABRIL\">Llegeix m\u00e9s\u00bb<\/a><\/p>\n","protected":false},"author":21,"featured_media":0,"comment_status":"open","ping_status":"open","sticky":false,"template":"","format":"standard","meta":{"_bbp_topic_count":0,"_bbp_reply_count":0,"_bbp_total_topic_count":0,"_bbp_total_reply_count":0,"_bbp_voice_count":0,"_bbp_anonymous_reply_count":0,"_bbp_topic_count_hidden":0,"_bbp_reply_count_hidden":0,"_bbp_forum_subforum_count":0,"footnotes":""},"categories":[8],"tags":[],"class_list":["post-1005","post","type-post","status-publish","format-standard","hentry","category-i5"],"post_mailing_queue_ids":[],"_links":{"self":[{"href":"https:\/\/agora.xtec.cat\/ceip-torre-llauder-mataro\/wp-json\/wp\/v2\/posts\/1005","targetHints":{"allow":["GET"]}}],"collection":[{"href":"https:\/\/agora.xtec.cat\/ceip-torre-llauder-mataro\/wp-json\/wp\/v2\/posts"}],"about":[{"href":"https:\/\/agora.xtec.cat\/ceip-torre-llauder-mataro\/wp-json\/wp\/v2\/types\/post"}],"author":[{"embeddable":true,"href":"https:\/\/agora.xtec.cat\/ceip-torre-llauder-mataro\/wp-json\/wp\/v2\/users\/21"}],"replies":[{"embeddable":true,"href":"https:\/\/agora.xtec.cat\/ceip-torre-llauder-mataro\/wp-json\/wp\/v2\/comments?post=1005"}],"version-history":[{"count":3,"href":"https:\/\/agora.xtec.cat\/ceip-torre-llauder-mataro\/wp-json\/wp\/v2\/posts\/1005\/revisions"}],"predecessor-version":[{"id":1008,"href":"https:\/\/agora.xtec.cat\/ceip-torre-llauder-mataro\/wp-json\/wp\/v2\/posts\/1005\/revisions\/1008"}],"wp:attachment":[{"href":"https:\/\/agora.xtec.cat\/ceip-torre-llauder-mataro\/wp-json\/wp\/v2\/media?parent=1005"}],"wp:term":[{"taxonomy":"category","embeddable":true,"href":"https:\/\/agora.xtec.cat\/ceip-torre-llauder-mataro\/wp-json\/wp\/v2\/categories?post=1005"},{"taxonomy":"post_tag","embeddable":true,"href":"https:\/\/agora.xtec.cat\/ceip-torre-llauder-mataro\/wp-json\/wp\/v2\/tags?post=1005"}],"curies":[{"name":"wp","href":"https:\/\/api.w.org\/{rel}","templated":true}]}}