{"id":3297,"date":"2019-06-01T18:31:29","date_gmt":"2019-06-01T16:31:29","guid":{"rendered":"http:\/\/agora.xtec.cat\/ceip-terranostra\/?p=3297"},"modified":"2019-06-01T18:43:29","modified_gmt":"2019-06-01T16:43:29","slug":"festa-de-cloenda-de-les-cooperatives-a-sant-feliu","status":"publish","type":"post","link":"https:\/\/agora.xtec.cat\/ceip-terranostra\/general\/festa-de-cloenda-de-les-cooperatives-a-sant-feliu\/","title":{"rendered":"FESTA DE CLOENDA DE LES COOPERATIVES A SANT FELIU"},"content":{"rendered":"<p><a href=\"https:\/\/photos.app.goo.gl\/W3CATyKkA6Ub73yy7\"><img loading=\"lazy\" decoding=\"async\" class=\"aligncenter size-medium wp-image-3299\" src=\"https:\/\/agora.xtec.cat\/ceip-terranostra\/wp-content\/uploads\/usu1202\/2019\/06\/IMG-20190523-WA0012-copia-300x169.jpg\" alt=\"\" width=\"300\" height=\"169\" srcset=\"https:\/\/agora.xtec.cat\/ceip-terranostra\/wp-content\/uploads\/usu1202\/2019\/06\/IMG-20190523-WA0012-copia-300x169.jpg 300w, https:\/\/agora.xtec.cat\/ceip-terranostra\/wp-content\/uploads\/usu1202\/2019\/06\/IMG-20190523-WA0012-copia-768x432.jpg 768w, https:\/\/agora.xtec.cat\/ceip-terranostra\/wp-content\/uploads\/usu1202\/2019\/06\/IMG-20190523-WA0012-copia-1024x576.jpg 1024w, https:\/\/agora.xtec.cat\/ceip-terranostra\/wp-content\/uploads\/usu1202\/2019\/06\/IMG-20190523-WA0012-copia.jpg 1600w\" sizes=\"auto, (max-width: 300px) 100vw, 300px\" \/><\/a><\/p>\n<p>El passat 23 de maig totes les cooperatives del Llu\u00e7an\u00e8s (Escola Llu\u00e7an\u00e8s, Fedac Prats, Escola Els Roures i l&#8217;escola Terra Nostra) v\u00e0rem anar a la festa de cloenda del projecte CUEME, que aquest any se celebrava a Sant Feliu Sasserra.<\/p>\n<p>Va ser una festa molt emotiva i important per a tots nosaltres, ja que v\u00e0rem poder entregar els xec a cada entitat\u00a0 i tamb\u00e9 ens varen donar un diploma a cada un de nosaltres, reconeixent tot el nostre treball.<\/p>\n<p>Cada entitat varen poder venir els seus represenant. Nosaltres v\u00e0rem donar els diners a\u00a0 ADFO i van venir l&#8217;Elisenda i la Carme. Van estar molt contentes i molt orgulloses de tots nosaltres i de tota la nostra feina tant ben feta.<\/p>\n<p>Si voleu veure les fotos cliqueu <a href=\"https:\/\/photos.app.goo.gl\/W3CATyKkA6Ub73yy7\">AQU\u00cd<\/a><\/p>\n<p>&nbsp;<\/p>\n","protected":false},"excerpt":{"rendered":"<p>El passat 23 de maig totes les cooperatives del Llu\u00e7an\u00e8s (Escola Llu\u00e7an\u00e8s, Fedac Prats, Escola Els Roures i l&#8217;escola Terra Nostra) v\u00e0rem anar a la festa de cloenda del projecte CUEME, que aquest any se celebrava a Sant Feliu Sasserra. Va ser una festa molt emotiva i important per a tots nosaltres, ja que v\u00e0rem [&hellip;]<\/p>\n","protected":false},"author":29,"featured_media":3298,"comment_status":"open","ping_status":"closed","sticky":false,"template":"","format":"standard","meta":{"_bbp_topic_count":0,"_bbp_reply_count":0,"_bbp_total_topic_count":0,"_bbp_total_reply_count":0,"_bbp_voice_count":0,"_bbp_anonymous_reply_count":0,"_bbp_topic_count_hidden":0,"_bbp_reply_count_hidden":0,"_bbp_forum_subforum_count":0,"site-sidebar-layout":"default","site-content-layout":"","ast-site-content-layout":"","site-content-style":"default","site-sidebar-style":"default","ast-global-header-display":"","ast-banner-title-visibility":"","ast-main-header-display":"","ast-hfb-above-header-display":"","ast-hfb-below-header-display":"","ast-hfb-mobile-header-display":"","site-post-title":"","ast-breadcrumbs-content":"","ast-featured-img":"","footer-sml-layout":"","theme-transparent-header-meta":"","adv-header-id-meta":"","stick-header-meta":"","header-above-stick-meta":"","header-main-stick-meta":"","header-below-stick-meta":"","astra-migrate-meta-layouts":"default","ast-page-background-enabled":"default","ast-page-background-meta":{"desktop":{"background-color":"var(--ast-global-color-4)","background-image":"","background-repeat":"repeat","background-position":"center center","background-size":"auto","background-attachment":"scroll","background-type":"","background-media":"","overlay-type":"","overlay-color":"","overlay-opacity":"","overlay-gradient":""},"tablet":{"background-color":"","background-image":"","background-repeat":"repeat","background-position":"center center","background-size":"auto","background-attachment":"scroll","background-type":"","background-media":"","overlay-type":"","overlay-color":"","overlay-opacity":"","overlay-gradient":""},"mobile":{"background-color":"","background-image":"","background-repeat":"repeat","background-position":"center center","background-size":"auto","background-attachment":"scroll","background-type":"","background-media":"","overlay-type":"","overlay-color":"","overlay-opacity":"","overlay-gradient":""}},"ast-content-background-meta":{"desktop":{"background-color":"var(--ast-global-color-5)","background-image":"","background-repeat":"repeat","background-position":"center center","background-size":"auto","background-attachment":"scroll","background-type":"","background-media":"","overlay-type":"","overlay-color":"","overlay-opacity":"","overlay-gradient":""},"tablet":{"background-color":"var(--ast-global-color-5)","background-image":"","background-repeat":"repeat","background-position":"center center","background-size":"auto","background-attachment":"scroll","background-type":"","background-media":"","overlay-type":"","overlay-color":"","overlay-opacity":"","overlay-gradient":""},"mobile":{"background-color":"var(--ast-global-color-5)","background-image":"","background-repeat":"repeat","background-position":"center center","background-size":"auto","background-attachment":"scroll","background-type":"","background-media":"","overlay-type":"","overlay-color":"","overlay-opacity":"","overlay-gradient":""}},"footnotes":""},"categories":[154,141,1,4],"tags":[],"class_list":["post-3297","post","type-post","status-publish","format-standard","has-post-thumbnail","hentry","category-cs","category-emprenedoria","category-general","category-portada"],"post_mailing_queue_ids":[],"_links":{"self":[{"href":"https:\/\/agora.xtec.cat\/ceip-terranostra\/wp-json\/wp\/v2\/posts\/3297","targetHints":{"allow":["GET"]}}],"collection":[{"href":"https:\/\/agora.xtec.cat\/ceip-terranostra\/wp-json\/wp\/v2\/posts"}],"about":[{"href":"https:\/\/agora.xtec.cat\/ceip-terranostra\/wp-json\/wp\/v2\/types\/post"}],"author":[{"embeddable":true,"href":"https:\/\/agora.xtec.cat\/ceip-terranostra\/wp-json\/wp\/v2\/users\/29"}],"replies":[{"embeddable":true,"href":"https:\/\/agora.xtec.cat\/ceip-terranostra\/wp-json\/wp\/v2\/comments?post=3297"}],"version-history":[{"count":3,"href":"https:\/\/agora.xtec.cat\/ceip-terranostra\/wp-json\/wp\/v2\/posts\/3297\/revisions"}],"predecessor-version":[{"id":3302,"href":"https:\/\/agora.xtec.cat\/ceip-terranostra\/wp-json\/wp\/v2\/posts\/3297\/revisions\/3302"}],"wp:featuredmedia":[{"embeddable":true,"href":"https:\/\/agora.xtec.cat\/ceip-terranostra\/wp-json\/wp\/v2\/media\/3298"}],"wp:attachment":[{"href":"https:\/\/agora.xtec.cat\/ceip-terranostra\/wp-json\/wp\/v2\/media?parent=3297"}],"wp:term":[{"taxonomy":"category","embeddable":true,"href":"https:\/\/agora.xtec.cat\/ceip-terranostra\/wp-json\/wp\/v2\/categories?post=3297"},{"taxonomy":"post_tag","embeddable":true,"href":"https:\/\/agora.xtec.cat\/ceip-terranostra\/wp-json\/wp\/v2\/tags?post=3297"}],"curies":[{"name":"wp","href":"https:\/\/api.w.org\/{rel}","templated":true}]}}