{"id":26266,"date":"2026-04-28T17:56:21","date_gmt":"2026-04-28T15:56:21","guid":{"rendered":"https:\/\/agora.xtec.cat\/ceip-terranostra\/?p=26266"},"modified":"2026-04-28T17:56:21","modified_gmt":"2026-04-28T15:56:21","slug":"teatre-laneguet-lleig-sant-jordi","status":"publish","type":"post","link":"https:\/\/agora.xtec.cat\/ceip-terranostra\/general\/teatre-laneguet-lleig-sant-jordi\/","title":{"rendered":"TEATRE L&#8217;ANEGUET  LLEIG &#8211; SANT JORDI"},"content":{"rendered":"<p><a href=\"https:\/\/photos.app.goo.gl\/5ifLoe7vq2CVJ92n6\"><img loading=\"lazy\" decoding=\"async\" class=\"alignnone wp-image-26267\" src=\"https:\/\/agora.xtec.cat\/ceip-terranostra\/wp-content\/uploads\/usu1202\/2026\/04\/20260427_162557AA-1024x1024.jpg\" alt=\"\" width=\"311\" height=\"311\" srcset=\"https:\/\/agora.xtec.cat\/ceip-terranostra\/wp-content\/uploads\/usu1202\/2026\/04\/20260427_162557AA-1024x1024.jpg 1024w, https:\/\/agora.xtec.cat\/ceip-terranostra\/wp-content\/uploads\/usu1202\/2026\/04\/20260427_162557AA-300x300.jpg 300w, https:\/\/agora.xtec.cat\/ceip-terranostra\/wp-content\/uploads\/usu1202\/2026\/04\/20260427_162557AA-150x150.jpg 150w, https:\/\/agora.xtec.cat\/ceip-terranostra\/wp-content\/uploads\/usu1202\/2026\/04\/20260427_162557AA-768x768.jpg 768w, https:\/\/agora.xtec.cat\/ceip-terranostra\/wp-content\/uploads\/usu1202\/2026\/04\/20260427_162557AA-1536x1536.jpg 1536w, https:\/\/agora.xtec.cat\/ceip-terranostra\/wp-content\/uploads\/usu1202\/2026\/04\/20260427_162557AA-rotated.jpg 1728w\" sizes=\"auto, (max-width: 311px) 100vw, 311px\" \/><\/a><\/p>\n<p>Ahir dia 27, dins dels actes de St. Jordi, a l&#8217;escola es va veure una obra de teatre\u00a0 de dansa sobre una adaptaci\u00f3 de: &#8220;L&#8217;aneguet lleig&#8221;, per la companyia NS Dansa.<\/p>\n<p>Es tractava d&#8217;una obra que, a partir d&#8217;aquest conte popular, ens ensenyava a estimar-nos i respectar-nos tal com som.<\/p>\n<p>Agra\u00efm a l&#8217;Ajuntament i a Olost Viu per haver fet possible aquest acte aix\u00ed com tamb\u00e9 pel berenar que es va donar a la cloenda de l&#8217;obra.<\/p>\n<p>Cliqueu la foto per veure&#8217;n m\u00e9s.<\/p>\n","protected":false},"excerpt":{"rendered":"<p>Ahir dia 27, dins dels actes de St. Jordi, a l&#8217;escola es va veure una obra de teatre\u00a0 de dansa sobre una adaptaci\u00f3 de: &#8220;L&#8217;aneguet lleig&#8221;, per la companyia NS Dansa. Es tractava d&#8217;una obra que, a partir d&#8217;aquest conte popular, ens ensenyava a estimar-nos i respectar-nos tal com som. Agra\u00efm a l&#8217;Ajuntament i a [&hellip;]<\/p>\n","protected":false},"author":32,"featured_media":26267,"comment_status":"open","ping_status":"open","sticky":false,"template":"","format":"standard","meta":{"_bbp_topic_count":0,"_bbp_reply_count":0,"_bbp_total_topic_count":0,"_bbp_total_reply_count":0,"_bbp_voice_count":0,"_bbp_anonymous_reply_count":0,"_bbp_topic_count_hidden":0,"_bbp_reply_count_hidden":0,"_bbp_forum_subforum_count":0,"site-sidebar-layout":"default","site-content-layout":"","ast-site-content-layout":"default","site-content-style":"default","site-sidebar-style":"default","ast-global-header-display":"","ast-banner-title-visibility":"","ast-main-header-display":"","ast-hfb-above-header-display":"","ast-hfb-below-header-display":"","ast-hfb-mobile-header-display":"","site-post-title":"","ast-breadcrumbs-content":"","ast-featured-img":"","footer-sml-layout":"","theme-transparent-header-meta":"default","adv-header-id-meta":"","stick-header-meta":"","header-above-stick-meta":"","header-main-stick-meta":"","header-below-stick-meta":"","astra-migrate-meta-layouts":"set","ast-page-background-enabled":"default","ast-page-background-meta":{"desktop":{"background-color":"var(--ast-global-color-4)","background-image":"","background-repeat":"repeat","background-position":"center center","background-size":"auto","background-attachment":"scroll","background-type":"","background-media":"","overlay-type":"","overlay-color":"","overlay-opacity":"","overlay-gradient":""},"tablet":{"background-color":"","background-image":"","background-repeat":"repeat","background-position":"center center","background-size":"auto","background-attachment":"scroll","background-type":"","background-media":"","overlay-type":"","overlay-color":"","overlay-opacity":"","overlay-gradient":""},"mobile":{"background-color":"","background-image":"","background-repeat":"repeat","background-position":"center center","background-size":"auto","background-attachment":"scroll","background-type":"","background-media":"","overlay-type":"","overlay-color":"","overlay-opacity":"","overlay-gradient":""}},"ast-content-background-meta":{"desktop":{"background-color":"var(--ast-global-color-5)","background-image":"","background-repeat":"repeat","background-position":"center center","background-size":"auto","background-attachment":"scroll","background-type":"","background-media":"","overlay-type":"","overlay-color":"","overlay-opacity":"","overlay-gradient":""},"tablet":{"background-color":"var(--ast-global-color-5)","background-image":"","background-repeat":"repeat","background-position":"center center","background-size":"auto","background-attachment":"scroll","background-type":"","background-media":"","overlay-type":"","overlay-color":"","overlay-opacity":"","overlay-gradient":""},"mobile":{"background-color":"var(--ast-global-color-5)","background-image":"","background-repeat":"repeat","background-position":"center center","background-size":"auto","background-attachment":"scroll","background-type":"","background-media":"","overlay-type":"","overlay-color":"","overlay-opacity":"","overlay-gradient":""}},"footnotes":""},"categories":[1],"tags":[],"class_list":["post-26266","post","type-post","status-publish","format-standard","has-post-thumbnail","hentry","category-general"],"post_mailing_queue_ids":[],"_links":{"self":[{"href":"https:\/\/agora.xtec.cat\/ceip-terranostra\/wp-json\/wp\/v2\/posts\/26266","targetHints":{"allow":["GET"]}}],"collection":[{"href":"https:\/\/agora.xtec.cat\/ceip-terranostra\/wp-json\/wp\/v2\/posts"}],"about":[{"href":"https:\/\/agora.xtec.cat\/ceip-terranostra\/wp-json\/wp\/v2\/types\/post"}],"author":[{"embeddable":true,"href":"https:\/\/agora.xtec.cat\/ceip-terranostra\/wp-json\/wp\/v2\/users\/32"}],"replies":[{"embeddable":true,"href":"https:\/\/agora.xtec.cat\/ceip-terranostra\/wp-json\/wp\/v2\/comments?post=26266"}],"version-history":[{"count":4,"href":"https:\/\/agora.xtec.cat\/ceip-terranostra\/wp-json\/wp\/v2\/posts\/26266\/revisions"}],"predecessor-version":[{"id":26271,"href":"https:\/\/agora.xtec.cat\/ceip-terranostra\/wp-json\/wp\/v2\/posts\/26266\/revisions\/26271"}],"wp:featuredmedia":[{"embeddable":true,"href":"https:\/\/agora.xtec.cat\/ceip-terranostra\/wp-json\/wp\/v2\/media\/26267"}],"wp:attachment":[{"href":"https:\/\/agora.xtec.cat\/ceip-terranostra\/wp-json\/wp\/v2\/media?parent=26266"}],"wp:term":[{"taxonomy":"category","embeddable":true,"href":"https:\/\/agora.xtec.cat\/ceip-terranostra\/wp-json\/wp\/v2\/categories?post=26266"},{"taxonomy":"post_tag","embeddable":true,"href":"https:\/\/agora.xtec.cat\/ceip-terranostra\/wp-json\/wp\/v2\/tags?post=26266"}],"curies":[{"name":"wp","href":"https:\/\/api.w.org\/{rel}","templated":true}]}}