{"id":26064,"date":"2026-02-25T07:52:02","date_gmt":"2026-02-25T06:52:02","guid":{"rendered":"https:\/\/agora.xtec.cat\/ceip-terranostra\/?p=26064"},"modified":"2026-02-25T07:52:02","modified_gmt":"2026-02-25T06:52:02","slug":"yayoi-kusama-la-reina-dels-punts","status":"publish","type":"post","link":"https:\/\/agora.xtec.cat\/ceip-terranostra\/infantil\/yayoi-kusama-la-reina-dels-punts\/","title":{"rendered":"YAYOI KUSAMA, LA REINA DELS PUNTS."},"content":{"rendered":"<p data-end=\"537\" data-start=\"117\">A infantil, els divendres a taller, anem coneixent a una artista molt especial,, coneguda a tot el m\u00f3n per omplir tot de punts: <span dir=\"auto\">parets, roba, carbasses, escultures, miralls\u2026 i fins i tot habitacions senceres! <\/span><span dir=\"auto\">Els punts l&#8217;ajuden a sentir-se calmada i connectada amb el m\u00f3n.<\/span><\/p>\n<p data-start=\"1134\" data-end=\"1403\"><span dir=\"auto\">Al llarg de la vida, va enfrontar moltes dificultats:<\/span><br data-start=\"1186\" data-end=\"1189\" \/><span dir=\"auto\">Era dona en un m\u00f3n dominat per homes artistes; Se&#8217;n va anar sola a Nova York gaireb\u00e9 sense diners, per\u00f2 mai va deixar de crear.<\/span><br data-start=\"1322\" data-end=\"1325\" \/><span dir=\"auto\">Avui \u00e9s una de les artistes m\u00e9s estimades del planeta i t\u00e9 m\u00e9s de 90 anys!!<\/span><\/p>\n<p data-start=\"1134\" data-end=\"1403\"><img loading=\"lazy\" decoding=\"async\" class=\"aligncenter\" src=\"https:\/\/scontent-mrs2-1.xx.fbcdn.net\/v\/t39.30808-6\/479009730_1173757674306915_474895872021808201_n.jpg?_nc_cat=100&amp;ccb=1-7&amp;_nc_sid=7b2446&amp;_nc_ohc=65hRDg74BY8Q7kNvwHb-jhP&amp;_nc_oc=AdmAKvnZtHx8Fxl_WWErXwO2kPeORNF0I5dGimYxM-deTn3nDjhcFEXGClzROSAtCfo&amp;_nc_zt=23&amp;_nc_ht=scontent-mrs2-1.xx&amp;_nc_gid=aMxRM05DY0iPdvork_nspQ&amp;oh=00_AfssoJzkJq6QpzBsarca8PvnGtNyDmAddyWY1u4IHcQSZg&amp;oe=69A45EF2\" alt=\"No hi ha cap descripci\u00f3 de foto disponible.\" width=\"330\" height=\"330\" \/><\/p>\n","protected":false},"excerpt":{"rendered":"<p>A infantil, els divendres a taller, anem coneixent a una artista molt especial,, coneguda a tot el m\u00f3n per omplir tot de punts: parets, roba, carbasses, escultures, miralls\u2026 i fins i tot habitacions senceres! Els punts l&#8217;ajuden a sentir-se calmada i connectada amb el m\u00f3n. Al llarg de la vida, va enfrontar moltes dificultats:Era dona [&hellip;]<\/p>\n","protected":false},"author":29,"featured_media":26065,"comment_status":"open","ping_status":"open","sticky":false,"template":"","format":"standard","meta":{"_bbp_topic_count":0,"_bbp_reply_count":0,"_bbp_total_topic_count":0,"_bbp_total_reply_count":0,"_bbp_voice_count":0,"_bbp_anonymous_reply_count":0,"_bbp_topic_count_hidden":0,"_bbp_reply_count_hidden":0,"_bbp_forum_subforum_count":0,"site-sidebar-layout":"default","site-content-layout":"","ast-site-content-layout":"default","site-content-style":"default","site-sidebar-style":"default","ast-global-header-display":"","ast-banner-title-visibility":"","ast-main-header-display":"","ast-hfb-above-header-display":"","ast-hfb-below-header-display":"","ast-hfb-mobile-header-display":"","site-post-title":"","ast-breadcrumbs-content":"","ast-featured-img":"","footer-sml-layout":"","theme-transparent-header-meta":"default","adv-header-id-meta":"","stick-header-meta":"","header-above-stick-meta":"","header-main-stick-meta":"","header-below-stick-meta":"","astra-migrate-meta-layouts":"set","ast-page-background-enabled":"default","ast-page-background-meta":{"desktop":{"background-color":"var(--ast-global-color-4)","background-image":"","background-repeat":"repeat","background-position":"center center","background-size":"auto","background-attachment":"scroll","background-type":"","background-media":"","overlay-type":"","overlay-color":"","overlay-opacity":"","overlay-gradient":""},"tablet":{"background-color":"","background-image":"","background-repeat":"repeat","background-position":"center center","background-size":"auto","background-attachment":"scroll","background-type":"","background-media":"","overlay-type":"","overlay-color":"","overlay-opacity":"","overlay-gradient":""},"mobile":{"background-color":"","background-image":"","background-repeat":"repeat","background-position":"center center","background-size":"auto","background-attachment":"scroll","background-type":"","background-media":"","overlay-type":"","overlay-color":"","overlay-opacity":"","overlay-gradient":""}},"ast-content-background-meta":{"desktop":{"background-color":"var(--ast-global-color-5)","background-image":"","background-repeat":"repeat","background-position":"center center","background-size":"auto","background-attachment":"scroll","background-type":"","background-media":"","overlay-type":"","overlay-color":"","overlay-opacity":"","overlay-gradient":""},"tablet":{"background-color":"var(--ast-global-color-5)","background-image":"","background-repeat":"repeat","background-position":"center center","background-size":"auto","background-attachment":"scroll","background-type":"","background-media":"","overlay-type":"","overlay-color":"","overlay-opacity":"","overlay-gradient":""},"mobile":{"background-color":"var(--ast-global-color-5)","background-image":"","background-repeat":"repeat","background-position":"center center","background-size":"auto","background-attachment":"scroll","background-type":"","background-media":"","overlay-type":"","overlay-color":"","overlay-opacity":"","overlay-gradient":""}},"footnotes":""},"categories":[2],"tags":[],"class_list":["post-26064","post","type-post","status-publish","format-standard","has-post-thumbnail","hentry","category-infantil"],"post_mailing_queue_ids":[],"_links":{"self":[{"href":"https:\/\/agora.xtec.cat\/ceip-terranostra\/wp-json\/wp\/v2\/posts\/26064","targetHints":{"allow":["GET"]}}],"collection":[{"href":"https:\/\/agora.xtec.cat\/ceip-terranostra\/wp-json\/wp\/v2\/posts"}],"about":[{"href":"https:\/\/agora.xtec.cat\/ceip-terranostra\/wp-json\/wp\/v2\/types\/post"}],"author":[{"embeddable":true,"href":"https:\/\/agora.xtec.cat\/ceip-terranostra\/wp-json\/wp\/v2\/users\/29"}],"replies":[{"embeddable":true,"href":"https:\/\/agora.xtec.cat\/ceip-terranostra\/wp-json\/wp\/v2\/comments?post=26064"}],"version-history":[{"count":1,"href":"https:\/\/agora.xtec.cat\/ceip-terranostra\/wp-json\/wp\/v2\/posts\/26064\/revisions"}],"predecessor-version":[{"id":26066,"href":"https:\/\/agora.xtec.cat\/ceip-terranostra\/wp-json\/wp\/v2\/posts\/26064\/revisions\/26066"}],"wp:featuredmedia":[{"embeddable":true,"href":"https:\/\/agora.xtec.cat\/ceip-terranostra\/wp-json\/wp\/v2\/media\/26065"}],"wp:attachment":[{"href":"https:\/\/agora.xtec.cat\/ceip-terranostra\/wp-json\/wp\/v2\/media?parent=26064"}],"wp:term":[{"taxonomy":"category","embeddable":true,"href":"https:\/\/agora.xtec.cat\/ceip-terranostra\/wp-json\/wp\/v2\/categories?post=26064"},{"taxonomy":"post_tag","embeddable":true,"href":"https:\/\/agora.xtec.cat\/ceip-terranostra\/wp-json\/wp\/v2\/tags?post=26064"}],"curies":[{"name":"wp","href":"https:\/\/api.w.org\/{rel}","templated":true}]}}