{"id":25869,"date":"2025-11-03T12:53:24","date_gmt":"2025-11-03T11:53:24","guid":{"rendered":"https:\/\/agora.xtec.cat\/ceip-terranostra\/?p=25869"},"modified":"2025-11-04T08:47:03","modified_gmt":"2025-11-04T07:47:03","slug":"celebrem-la-festa-de-la-tardor","status":"publish","type":"post","link":"https:\/\/agora.xtec.cat\/ceip-terranostra\/general\/celebrem-la-festa-de-la-tardor\/","title":{"rendered":"Celebrem la Festa de la Tardor"},"content":{"rendered":"<p data-start=\"119\" data-end=\"210\">El divendres vam viure una jornada molt especial a l\u2019escola celebrant la Festa de la Tardor!<\/p>\n<p data-start=\"212\" data-end=\"613\">Al mat\u00ed, l\u2019ambient era ple d\u2019emoci\u00f3 i ganes de jugar. Els nens i nenes de cicle inicial van participar en uns jocs de pistes molt divertits on havien de trobar castanyes amagades per tot el pati i descobrir aix\u00ed les peces de roba que li faltaven a la castanyera. Mentrestant, els alumnes de cicle mitj\u00e0 i superior posaven a prova el seu enginy resolent enigmes matem\u00e0tics per aconseguir els ingredients necessaris per fer panellets.<\/p>\n<p data-start=\"615\" data-end=\"787\">Despr\u00e9s d\u2019un bon esmorzar per recuperar forces, vam continuar la jornada decorant els panellets amb molta creativitat i imaginaci\u00f3. Van quedar preciosos!<\/p>\n<p data-start=\"789\" data-end=\"1024\">A la tarda, vam obrir les portes de l\u2019escola a les fam\u00edlies per compartir amb elles les danses de tardor que vam estar preparant.<\/p>\n<p data-start=\"1026\" data-end=\"1319\">Per acabar la festa, l\u2019AFA va torrar castanyes ben calentes, i els nens i nenes de cicle superior, disfressats de castanyers i castanyeres, les van repartir a tots els companys. Junts ens les vam menjar i vam gaudir\u00a0 d\u2019una tarda plena de tradici\u00f3, conviv\u00e8ncia i esperit de tardor.<\/p>\n<p data-start=\"1321\" data-end=\"1401\"><a href=\"https:\/\/photos.app.goo.gl\/Dg5cEWyLkPsgh9k9A\">Enlla\u00e7<\/a> per veure les fotos d&#8217;Educaci\u00f3 Infantil.<\/p>\n<p data-start=\"1321\" data-end=\"1401\"><a href=\"https:\/\/photos.app.goo.gl\/z3VPi481S2rqQmuB8\">Enlla\u00e7<\/a> per veure les fotos d&#8217;Educaci\u00f3 Prim\u00e0ria i les danses.<\/p>\n<p data-start=\"1321\" data-end=\"1401\">\n","protected":false},"excerpt":{"rendered":"<p>El divendres vam viure una jornada molt especial a l\u2019escola celebrant la Festa de la Tardor! Al mat\u00ed, l\u2019ambient era ple d\u2019emoci\u00f3 i ganes de jugar. Els nens i nenes de cicle inicial van participar en uns jocs de pistes molt divertits on havien de trobar castanyes amagades per tot el pati i descobrir aix\u00ed [&hellip;]<\/p>\n","protected":false},"author":29,"featured_media":25873,"comment_status":"open","ping_status":"open","sticky":false,"template":"","format":"standard","meta":{"_bbp_topic_count":0,"_bbp_reply_count":0,"_bbp_total_topic_count":0,"_bbp_total_reply_count":0,"_bbp_voice_count":0,"_bbp_anonymous_reply_count":0,"_bbp_topic_count_hidden":0,"_bbp_reply_count_hidden":0,"_bbp_forum_subforum_count":0,"site-sidebar-layout":"default","site-content-layout":"","ast-site-content-layout":"default","site-content-style":"default","site-sidebar-style":"default","ast-global-header-display":"","ast-banner-title-visibility":"","ast-main-header-display":"","ast-hfb-above-header-display":"","ast-hfb-below-header-display":"","ast-hfb-mobile-header-display":"","site-post-title":"","ast-breadcrumbs-content":"","ast-featured-img":"","footer-sml-layout":"","theme-transparent-header-meta":"default","adv-header-id-meta":"","stick-header-meta":"","header-above-stick-meta":"","header-main-stick-meta":"","header-below-stick-meta":"","astra-migrate-meta-layouts":"set","ast-page-background-enabled":"default","ast-page-background-meta":{"desktop":{"background-color":"var(--ast-global-color-4)","background-image":"","background-repeat":"repeat","background-position":"center center","background-size":"auto","background-attachment":"scroll","background-type":"","background-media":"","overlay-type":"","overlay-color":"","overlay-opacity":"","overlay-gradient":""},"tablet":{"background-color":"","background-image":"","background-repeat":"repeat","background-position":"center center","background-size":"auto","background-attachment":"scroll","background-type":"","background-media":"","overlay-type":"","overlay-color":"","overlay-opacity":"","overlay-gradient":""},"mobile":{"background-color":"","background-image":"","background-repeat":"repeat","background-position":"center center","background-size":"auto","background-attachment":"scroll","background-type":"","background-media":"","overlay-type":"","overlay-color":"","overlay-opacity":"","overlay-gradient":""}},"ast-content-background-meta":{"desktop":{"background-color":"var(--ast-global-color-5)","background-image":"","background-repeat":"repeat","background-position":"center center","background-size":"auto","background-attachment":"scroll","background-type":"","background-media":"","overlay-type":"","overlay-color":"","overlay-opacity":"","overlay-gradient":""},"tablet":{"background-color":"var(--ast-global-color-5)","background-image":"","background-repeat":"repeat","background-position":"center center","background-size":"auto","background-attachment":"scroll","background-type":"","background-media":"","overlay-type":"","overlay-color":"","overlay-opacity":"","overlay-gradient":""},"mobile":{"background-color":"var(--ast-global-color-5)","background-image":"","background-repeat":"repeat","background-position":"center center","background-size":"auto","background-attachment":"scroll","background-type":"","background-media":"","overlay-type":"","overlay-color":"","overlay-opacity":"","overlay-gradient":""}},"footnotes":""},"categories":[2,1],"tags":[],"class_list":["post-25869","post","type-post","status-publish","format-standard","has-post-thumbnail","hentry","category-infantil","category-general"],"post_mailing_queue_ids":[],"_links":{"self":[{"href":"https:\/\/agora.xtec.cat\/ceip-terranostra\/wp-json\/wp\/v2\/posts\/25869","targetHints":{"allow":["GET"]}}],"collection":[{"href":"https:\/\/agora.xtec.cat\/ceip-terranostra\/wp-json\/wp\/v2\/posts"}],"about":[{"href":"https:\/\/agora.xtec.cat\/ceip-terranostra\/wp-json\/wp\/v2\/types\/post"}],"author":[{"embeddable":true,"href":"https:\/\/agora.xtec.cat\/ceip-terranostra\/wp-json\/wp\/v2\/users\/29"}],"replies":[{"embeddable":true,"href":"https:\/\/agora.xtec.cat\/ceip-terranostra\/wp-json\/wp\/v2\/comments?post=25869"}],"version-history":[{"count":6,"href":"https:\/\/agora.xtec.cat\/ceip-terranostra\/wp-json\/wp\/v2\/posts\/25869\/revisions"}],"predecessor-version":[{"id":25878,"href":"https:\/\/agora.xtec.cat\/ceip-terranostra\/wp-json\/wp\/v2\/posts\/25869\/revisions\/25878"}],"wp:featuredmedia":[{"embeddable":true,"href":"https:\/\/agora.xtec.cat\/ceip-terranostra\/wp-json\/wp\/v2\/media\/25873"}],"wp:attachment":[{"href":"https:\/\/agora.xtec.cat\/ceip-terranostra\/wp-json\/wp\/v2\/media?parent=25869"}],"wp:term":[{"taxonomy":"category","embeddable":true,"href":"https:\/\/agora.xtec.cat\/ceip-terranostra\/wp-json\/wp\/v2\/categories?post=25869"},{"taxonomy":"post_tag","embeddable":true,"href":"https:\/\/agora.xtec.cat\/ceip-terranostra\/wp-json\/wp\/v2\/tags?post=25869"}],"curies":[{"name":"wp","href":"https:\/\/api.w.org\/{rel}","templated":true}]}}