{"id":25488,"date":"2025-05-09T12:35:11","date_gmt":"2025-05-09T10:35:11","guid":{"rendered":"https:\/\/agora.xtec.cat\/ceip-terranostra\/?p=25488"},"modified":"2025-05-15T16:36:26","modified_gmt":"2025-05-15T14:36:26","slug":"sortida-pel-poble-i-visita-a-lajuntament","status":"publish","type":"post","link":"https:\/\/agora.xtec.cat\/ceip-terranostra\/infantil\/sortida-pel-poble-i-visita-a-lajuntament\/","title":{"rendered":"SORTIDA PEL POBLE I VISITA A L&#8217;AJUNTAMENT"},"content":{"rendered":"<p>Ahir al mat\u00ed, la classe verda i vermella d&#8217;I4 i I5 vam realitzar una sortida pel poble d&#8217;Olost. Aquesta activitat formava part del nostre projecte &#8220;De qui \u00e9s aquesta merda?&#8221;, en el qual estem treballant per conscienciar-nos sobre la problem\u00e0tica de les caques de gos al nostre entorn.<\/p>\n<p>Durant la sortida, el nostre principal objectiu era:<\/p>\n<p><strong>Passeig pel Poble<\/strong>: Vam caminar pels carrers d&#8217;Olost, observant i recollint informaci\u00f3 sobre la pres\u00e8ncia de caques de gos. Els alumnes van participar activament, observant i discutint sobre com podr\u00edem millorar la neteja del poble i dels espais comuns.<\/p>\n<p><strong>Visita a l&#8217;Ajuntament<\/strong>: A l&#8217;ajuntament, l&#8217;alcalde Gil Salvans ens va rebre amb molta amabilitat. Li vam explicar la problem\u00e0tica de les caques de gos i la nostra proposta: elaborar uns cartells amb la maquin\u00e0ria &#8220;Faig&#8221; per col\u00b7locar als parcs. Aquestes pancartes servirien per recordar a tots els ve\u00efns la import\u00e0ncia de recollir les caques dels seus gossos i tenir el poble m\u00e9s net.<\/p>\n<p>La sortida va ser enriquidora i vam aprendre molt sobre la import\u00e0ncia de cuidar el nostre entorn. Estem molt contents de poder contribuir a la soluci\u00f3 d&#8217;aquest problema i esperem que la nostra iniciativa sigui ben rebuda per la comunitat.<\/p>\n<p><a href=\"https:\/\/drive.google.com\/drive\/folders\/1BpIhIYZqg_XfFkaWkYW6O9Lo3ZZCBUYK?usp=sharing\">Us deixem fotos de la sortida!<\/a><\/p>\n<p>&nbsp;<\/p>\n<hr \/>\n<p>Esperem que la propera sortida sigui igual de profitosa!<\/p>\n","protected":false},"excerpt":{"rendered":"<p>Ahir al mat\u00ed, la classe verda i vermella d&#8217;I4 i I5 vam realitzar una sortida pel poble d&#8217;Olost. Aquesta activitat formava part del nostre projecte &#8220;De qui \u00e9s aquesta merda?&#8221;, en el qual estem treballant per conscienciar-nos sobre la problem\u00e0tica de les caques de gos al nostre entorn. Durant la sortida, el nostre principal objectiu [&hellip;]<\/p>\n","protected":false},"author":29,"featured_media":25489,"comment_status":"open","ping_status":"closed","sticky":false,"template":"","format":"standard","meta":{"_bbp_topic_count":0,"_bbp_reply_count":0,"_bbp_total_topic_count":0,"_bbp_total_reply_count":0,"_bbp_voice_count":0,"_bbp_anonymous_reply_count":0,"_bbp_topic_count_hidden":0,"_bbp_reply_count_hidden":0,"_bbp_forum_subforum_count":0,"site-sidebar-layout":"default","site-content-layout":"","ast-site-content-layout":"","site-content-style":"default","site-sidebar-style":"default","ast-global-header-display":"","ast-banner-title-visibility":"","ast-main-header-display":"","ast-hfb-above-header-display":"","ast-hfb-below-header-display":"","ast-hfb-mobile-header-display":"","site-post-title":"","ast-breadcrumbs-content":"","ast-featured-img":"","footer-sml-layout":"","theme-transparent-header-meta":"","adv-header-id-meta":"","stick-header-meta":"","header-above-stick-meta":"","header-main-stick-meta":"","header-below-stick-meta":"","astra-migrate-meta-layouts":"default","ast-page-background-enabled":"default","ast-page-background-meta":{"desktop":{"background-color":"var(--ast-global-color-4)","background-image":"","background-repeat":"repeat","background-position":"center center","background-size":"auto","background-attachment":"scroll","background-type":"","background-media":"","overlay-type":"","overlay-color":"","overlay-opacity":"","overlay-gradient":""},"tablet":{"background-color":"","background-image":"","background-repeat":"repeat","background-position":"center center","background-size":"auto","background-attachment":"scroll","background-type":"","background-media":"","overlay-type":"","overlay-color":"","overlay-opacity":"","overlay-gradient":""},"mobile":{"background-color":"","background-image":"","background-repeat":"repeat","background-position":"center center","background-size":"auto","background-attachment":"scroll","background-type":"","background-media":"","overlay-type":"","overlay-color":"","overlay-opacity":"","overlay-gradient":""}},"ast-content-background-meta":{"desktop":{"background-color":"var(--ast-global-color-5)","background-image":"","background-repeat":"repeat","background-position":"center center","background-size":"auto","background-attachment":"scroll","background-type":"","background-media":"","overlay-type":"","overlay-color":"","overlay-opacity":"","overlay-gradient":""},"tablet":{"background-color":"var(--ast-global-color-5)","background-image":"","background-repeat":"repeat","background-position":"center center","background-size":"auto","background-attachment":"scroll","background-type":"","background-media":"","overlay-type":"","overlay-color":"","overlay-opacity":"","overlay-gradient":""},"mobile":{"background-color":"var(--ast-global-color-5)","background-image":"","background-repeat":"repeat","background-position":"center center","background-size":"auto","background-attachment":"scroll","background-type":"","background-media":"","overlay-type":"","overlay-color":"","overlay-opacity":"","overlay-gradient":""}},"footnotes":""},"categories":[2],"tags":[],"class_list":["post-25488","post","type-post","status-publish","format-standard","has-post-thumbnail","hentry","category-infantil"],"post_mailing_queue_ids":[],"_links":{"self":[{"href":"https:\/\/agora.xtec.cat\/ceip-terranostra\/wp-json\/wp\/v2\/posts\/25488","targetHints":{"allow":["GET"]}}],"collection":[{"href":"https:\/\/agora.xtec.cat\/ceip-terranostra\/wp-json\/wp\/v2\/posts"}],"about":[{"href":"https:\/\/agora.xtec.cat\/ceip-terranostra\/wp-json\/wp\/v2\/types\/post"}],"author":[{"embeddable":true,"href":"https:\/\/agora.xtec.cat\/ceip-terranostra\/wp-json\/wp\/v2\/users\/29"}],"replies":[{"embeddable":true,"href":"https:\/\/agora.xtec.cat\/ceip-terranostra\/wp-json\/wp\/v2\/comments?post=25488"}],"version-history":[{"count":4,"href":"https:\/\/agora.xtec.cat\/ceip-terranostra\/wp-json\/wp\/v2\/posts\/25488\/revisions"}],"predecessor-version":[{"id":25505,"href":"https:\/\/agora.xtec.cat\/ceip-terranostra\/wp-json\/wp\/v2\/posts\/25488\/revisions\/25505"}],"wp:featuredmedia":[{"embeddable":true,"href":"https:\/\/agora.xtec.cat\/ceip-terranostra\/wp-json\/wp\/v2\/media\/25489"}],"wp:attachment":[{"href":"https:\/\/agora.xtec.cat\/ceip-terranostra\/wp-json\/wp\/v2\/media?parent=25488"}],"wp:term":[{"taxonomy":"category","embeddable":true,"href":"https:\/\/agora.xtec.cat\/ceip-terranostra\/wp-json\/wp\/v2\/categories?post=25488"},{"taxonomy":"post_tag","embeddable":true,"href":"https:\/\/agora.xtec.cat\/ceip-terranostra\/wp-json\/wp\/v2\/tags?post=25488"}],"curies":[{"name":"wp","href":"https:\/\/api.w.org\/{rel}","templated":true}]}}