{"id":24326,"date":"2023-12-04T11:30:56","date_gmt":"2023-12-04T10:30:56","guid":{"rendered":"https:\/\/agora.xtec.cat\/ceip-terranostra\/?p=24326"},"modified":"2024-02-16T13:57:02","modified_gmt":"2024-02-16T12:57:02","slug":"visita-de-la-silvia-de-lonce-i-lelia-a-ci","status":"publish","type":"post","link":"https:\/\/agora.xtec.cat\/ceip-terranostra\/ci\/visita-de-la-silvia-de-lonce-i-lelia-a-ci\/","title":{"rendered":"Visita de la S\u00edlvia de l\u2019ONCE i l\u2019\u00c8lia a CI"},"content":{"rendered":"<p><a href=\"https:\/\/photos.app.goo.gl\/3FWwUXJDsVxYm3DW7\"><img loading=\"lazy\" decoding=\"async\" class=\" wp-image-24327 aligncenter\" src=\"https:\/\/agora.xtec.cat\/ceip-terranostra\/wp-content\/uploads\/usu1202\/2023\/12\/IMG_20231128_091523-1024x768.jpg\" alt=\"\" width=\"702\" height=\"526\" \/><\/a><\/p>\n<p><span style=\"font-weight: 400;\">El passat dia 28 de novembre, a CI vam tenir una visita molt especial, ens va fer un taller la S\u00edlvia de l&#8217;ONCE acompanyada de l&#8217;\u00c8lia, una nena de 7 anys amb unes capacitats extraordin\u00e0ries.<\/span><\/p>\n<p><span style=\"font-weight: 400;\">Juntes ens van ensenyar que hi ha gent que veu el m\u00f3n d&#8217;una manera diferent. L&#8217;\u00c8lia, per exemple, visualment, nom\u00e9s percep algunes ombres i amb els anys ha apr\u00e8s a desenvolupar la resta de sentits per poder-ho compensar.<\/span><\/p>\n<p><span style=\"font-weight: 400;\">Al llarg del taller vam experimentar fent diferents activitats amb els ulls tancats i ens va ensenyar alguns dels seus contes i jocs de taula, als que tamb\u00e9 hi vam poder jugar. Abans d&#8217;acabar, ens va mostrar com era el bast\u00f3 i com l&#8217;utilitza per despla\u00e7ar-se, de quina manera llegeix, escriu i dibuixa. Finalment, cada infant es va poder emportar el seu nom gravat en Braille amb la m\u00e0quina Perkins de l&#8217;\u00c8lia.<\/span><\/p>\n<p><span style=\"font-weight: 400;\">\u00c8lia, vam aprendre moltes coses i, el m\u00e9s important, va ser una estona fant\u00e0stica, que esperem que es repeteixi!!!!<\/span><\/p>\n<p><span style=\"font-weight: 400;\">Moltes gr\u00e0cies, S\u00edlvia i \u00c8lia, per la vostra visita i tamb\u00e9 als pares de l\u2019\u00c8lia que ho van fer possible!!!!<\/span><\/p>\n","protected":false},"excerpt":{"rendered":"<p>El passat dia 28 de novembre, a CI vam tenir una visita molt especial, ens va fer un taller la S\u00edlvia de l&#8217;ONCE acompanyada de l&#8217;\u00c8lia, una nena de 7 anys amb unes capacitats extraordin\u00e0ries. Juntes ens van ensenyar que hi ha gent que veu el m\u00f3n d&#8217;una manera diferent. L&#8217;\u00c8lia, per exemple, visualment, nom\u00e9s [&hellip;]<\/p>\n","protected":false},"author":32,"featured_media":24327,"comment_status":"open","ping_status":"closed","sticky":false,"template":"","format":"standard","meta":{"_bbp_topic_count":0,"_bbp_reply_count":0,"_bbp_total_topic_count":0,"_bbp_total_reply_count":0,"_bbp_voice_count":0,"_bbp_anonymous_reply_count":0,"_bbp_topic_count_hidden":0,"_bbp_reply_count_hidden":0,"_bbp_forum_subforum_count":0,"site-sidebar-layout":"default","site-content-layout":"","ast-site-content-layout":"","site-content-style":"default","site-sidebar-style":"default","ast-global-header-display":"","ast-banner-title-visibility":"","ast-main-header-display":"","ast-hfb-above-header-display":"","ast-hfb-below-header-display":"","ast-hfb-mobile-header-display":"","site-post-title":"","ast-breadcrumbs-content":"","ast-featured-img":"","footer-sml-layout":"","theme-transparent-header-meta":"","adv-header-id-meta":"","stick-header-meta":"","header-above-stick-meta":"","header-main-stick-meta":"","header-below-stick-meta":"","astra-migrate-meta-layouts":"default","ast-page-background-enabled":"default","ast-page-background-meta":{"desktop":{"background-color":"var(--ast-global-color-4)","background-image":"","background-repeat":"repeat","background-position":"center center","background-size":"auto","background-attachment":"scroll","background-type":"","background-media":"","overlay-type":"","overlay-color":"","overlay-opacity":"","overlay-gradient":""},"tablet":{"background-color":"","background-image":"","background-repeat":"repeat","background-position":"center center","background-size":"auto","background-attachment":"scroll","background-type":"","background-media":"","overlay-type":"","overlay-color":"","overlay-opacity":"","overlay-gradient":""},"mobile":{"background-color":"","background-image":"","background-repeat":"repeat","background-position":"center center","background-size":"auto","background-attachment":"scroll","background-type":"","background-media":"","overlay-type":"","overlay-color":"","overlay-opacity":"","overlay-gradient":""}},"ast-content-background-meta":{"desktop":{"background-color":"var(--ast-global-color-5)","background-image":"","background-repeat":"repeat","background-position":"center center","background-size":"auto","background-attachment":"scroll","background-type":"","background-media":"","overlay-type":"","overlay-color":"","overlay-opacity":"","overlay-gradient":""},"tablet":{"background-color":"var(--ast-global-color-5)","background-image":"","background-repeat":"repeat","background-position":"center center","background-size":"auto","background-attachment":"scroll","background-type":"","background-media":"","overlay-type":"","overlay-color":"","overlay-opacity":"","overlay-gradient":""},"mobile":{"background-color":"var(--ast-global-color-5)","background-image":"","background-repeat":"repeat","background-position":"center center","background-size":"auto","background-attachment":"scroll","background-type":"","background-media":"","overlay-type":"","overlay-color":"","overlay-opacity":"","overlay-gradient":""}},"footnotes":""},"categories":[5],"tags":[],"class_list":["post-24326","post","type-post","status-publish","format-standard","has-post-thumbnail","hentry","category-ci"],"post_mailing_queue_ids":[],"_links":{"self":[{"href":"https:\/\/agora.xtec.cat\/ceip-terranostra\/wp-json\/wp\/v2\/posts\/24326","targetHints":{"allow":["GET"]}}],"collection":[{"href":"https:\/\/agora.xtec.cat\/ceip-terranostra\/wp-json\/wp\/v2\/posts"}],"about":[{"href":"https:\/\/agora.xtec.cat\/ceip-terranostra\/wp-json\/wp\/v2\/types\/post"}],"author":[{"embeddable":true,"href":"https:\/\/agora.xtec.cat\/ceip-terranostra\/wp-json\/wp\/v2\/users\/32"}],"replies":[{"embeddable":true,"href":"https:\/\/agora.xtec.cat\/ceip-terranostra\/wp-json\/wp\/v2\/comments?post=24326"}],"version-history":[{"count":6,"href":"https:\/\/agora.xtec.cat\/ceip-terranostra\/wp-json\/wp\/v2\/posts\/24326\/revisions"}],"predecessor-version":[{"id":24443,"href":"https:\/\/agora.xtec.cat\/ceip-terranostra\/wp-json\/wp\/v2\/posts\/24326\/revisions\/24443"}],"wp:featuredmedia":[{"embeddable":true,"href":"https:\/\/agora.xtec.cat\/ceip-terranostra\/wp-json\/wp\/v2\/media\/24327"}],"wp:attachment":[{"href":"https:\/\/agora.xtec.cat\/ceip-terranostra\/wp-json\/wp\/v2\/media?parent=24326"}],"wp:term":[{"taxonomy":"category","embeddable":true,"href":"https:\/\/agora.xtec.cat\/ceip-terranostra\/wp-json\/wp\/v2\/categories?post=24326"},{"taxonomy":"post_tag","embeddable":true,"href":"https:\/\/agora.xtec.cat\/ceip-terranostra\/wp-json\/wp\/v2\/tags?post=24326"}],"curies":[{"name":"wp","href":"https:\/\/api.w.org\/{rel}","templated":true}]}}