{"id":19772,"date":"2021-01-24T14:20:01","date_gmt":"2021-01-24T13:20:01","guid":{"rendered":"http:\/\/agora.xtec.cat\/ceip-terranostra\/?p=19772"},"modified":"2021-02-01T20:31:55","modified_gmt":"2021-02-01T19:31:55","slug":"els-carrecs-de-la-nostra-cooperativa","status":"publish","type":"post","link":"https:\/\/agora.xtec.cat\/ceip-terranostra\/emprenedoria\/els-carrecs-de-la-nostra-cooperativa\/","title":{"rendered":"ELS C\u00c0RRECS DE LA NOSTRA COOPERATIVA"},"content":{"rendered":"<p><a href=\"https:\/\/photos.app.goo.gl\/ps3zVhNMxJABBZyZ8\"><img loading=\"lazy\" decoding=\"async\" class=\"aligncenter size-large wp-image-19773\" src=\"https:\/\/agora.xtec.cat\/ceip-terranostra\/wp-content\/uploads\/usu1202\/2021\/01\/20201119_153853-1-1024x576.jpg\" alt=\"\" width=\"1024\" height=\"576\" srcset=\"https:\/\/agora.xtec.cat\/ceip-terranostra\/wp-content\/uploads\/usu1202\/2021\/01\/20201119_153853-1-1024x576.jpg 1024w, https:\/\/agora.xtec.cat\/ceip-terranostra\/wp-content\/uploads\/usu1202\/2021\/01\/20201119_153853-1-300x169.jpg 300w, https:\/\/agora.xtec.cat\/ceip-terranostra\/wp-content\/uploads\/usu1202\/2021\/01\/20201119_153853-1-768x432.jpg 768w\" sizes=\"auto, (max-width: 1024px) 100vw, 1024px\" \/><\/a><\/p>\n<p>A mitjans de novembre, concretament el 19 de novembre, tots els socis i s\u00f2cies vam votar els c\u00e0rrecs que vol\u00edem tenir i ocupar dins la nostra cooperativa. Aquest any, en total hi ha 9 c\u00e0rrecs. Com a novetat hem afegit el c\u00e0rrec de qualitat. , que consisteix a supervisar els materials en bon estat.<\/p>\n<p>Els nostres c\u00e0rrecs els hem dividit en dos grups. Els que pertanyen al Consell Rector i als que formen part dels Departaments.<\/p>\n<p>Els c\u00e0rrecs que formen part del Consell Rector s\u00f3n el de President\/a, secretari\/a i tresorer\/a.<\/p>\n<ul>\n<li><strong>President\/a<\/strong>: \u00c9s la persona portaveu de la cooperativa, \u00e9s a dir respon per ella en les situacions que ho requereixin, com anar a reunions, parlar davant el p\u00fablic&#8230;etc.<br \/>\nNom: Irina<br \/>\nAquest any nom\u00e9s es va presentar una sola persona per representar aquest c\u00e0rrec. Per tant no hi ha el c\u00e0rrec de vicepresident, per\u00f2 entre tots vam decidir que si algun dia no hi fos la presidenta, les persones responsables per substituir-la serien el tresorer i el secretari.<\/li>\n<li><strong>Secretaria i Vice-secretari<\/strong> : S\u00f3n les persones que s\u2019encarreguen de tenir els treballs al dia i tots els documents relatius a la cooperativa. (acta constituci\u00f3, estatus, \u2026)<br \/>\nNoms: Guillem i Odette.<\/li>\n<li><strong>Tresorer<\/strong> : \u00c9s la persona que s&#8217;encarrega de controlar el tema econ\u00f2mic de la cooperativa .<br \/>\nNom: Josep.<\/li>\n<\/ul>\n<p>Els altres c\u00e0rrecs o departament que ens queden s\u00f3n el de comptable, fot\u00f2graf\/a, m\u00e0rqueting i publicitat, venda, producci\u00f3 i el de qualitat.<\/p>\n<ul>\n<li><strong>Comptable:<\/strong> Consisteix en saber portar al dia l\u2019entrada i sortida del capital de l\u2019empresa, registrar-ho en el llibre de comptabilitat tots aquest moviments de diners,&#8230;<br \/>\nNoms: Nil i Gil<\/li>\n<li><strong>Fot\u00f2graf\/a:<\/strong> Consisteix en qu\u00e8 facin fotos en els moments m\u00e9s importants de la cooperativa .<br \/>\nNoms: Itziar , Luc\u00eda i Guifr\u00e9 .<\/li>\n<li><strong>M\u00e0rqueting i publicita<\/strong>t: S\u00f3n els que dissenyen els cartells , presentacions, la parada del mercat, faran l\u2019estudi de mercat, \u2026<br \/>\nNoms: Ariadna , Noa , J\u00falia , Merc\u00e8 i Toni .<\/li>\n<\/ul>\n<p>I ara la resta de c\u00e0rrecs els formem tots els socis i s\u00f2cies de la cooperativa, els quals s\u00f3n:<br \/>\nProducci\u00f3: Fabricar els productes ajustats a les demandes, si hi han enc\u00e0rrecs faran la gesti\u00f3.<\/p>\n<ul>\n<li><strong>Qualitat<\/strong>: Consisteix en revisar la qualitat dels productes que s\u2019han fet. Observar si estan ben constru\u00efts, estan ben presentats \u2026<\/li>\n<li><strong>Compres i materials:<\/strong> Seran els encarregats de saber el qu\u00e8 cal comprar, quin material ens fa falta i tenir el material necessari.<\/li>\n<li><strong>Venda:<\/strong> Vendre els productes a la parada del mercat o de l\u2019escola.<\/li>\n<\/ul>\n<p>Per veure les fotos cliqueu a sobre de l&#8217;adre\u00e7a o a sobre de la imatge de l&#8217;inici de la not\u00edcia.<\/p>\n<p><iframe loading=\"lazy\" width=\"560\" height=\"315\" src=\"https:\/\/www.youtube.com\/embed\/od82YiT90tQ\" frameborder=\"0\"><\/iframe>&nbsp;<\/p>\n<p><a href=\"https:\/\/photos.app.goo.gl\/ps3zVhNMxJABBZyZ8\">https:\/\/photos.app.goo.gl\/ps3zVhNMxJABBZyZ8<\/a><\/p>\n","protected":false},"excerpt":{"rendered":"<p>A mitjans de novembre, concretament el 19 de novembre, tots els socis i s\u00f2cies vam votar els c\u00e0rrecs que vol\u00edem tenir i ocupar dins la nostra cooperativa. Aquest any, en total hi ha 9 c\u00e0rrecs. Com a novetat hem afegit el c\u00e0rrec de qualitat. , que consisteix a supervisar els materials en bon estat. Els [&hellip;]<\/p>\n","protected":false},"author":29,"featured_media":19773,"comment_status":"open","ping_status":"closed","sticky":false,"template":"","format":"standard","meta":{"_bbp_topic_count":0,"_bbp_reply_count":0,"_bbp_total_topic_count":0,"_bbp_total_reply_count":0,"_bbp_voice_count":0,"_bbp_anonymous_reply_count":0,"_bbp_topic_count_hidden":0,"_bbp_reply_count_hidden":0,"_bbp_forum_subforum_count":0,"site-sidebar-layout":"default","site-content-layout":"","ast-site-content-layout":"","site-content-style":"default","site-sidebar-style":"default","ast-global-header-display":"","ast-banner-title-visibility":"","ast-main-header-display":"","ast-hfb-above-header-display":"","ast-hfb-below-header-display":"","ast-hfb-mobile-header-display":"","site-post-title":"","ast-breadcrumbs-content":"","ast-featured-img":"","footer-sml-layout":"","theme-transparent-header-meta":"","adv-header-id-meta":"","stick-header-meta":"","header-above-stick-meta":"","header-main-stick-meta":"","header-below-stick-meta":"","astra-migrate-meta-layouts":"default","ast-page-background-enabled":"default","ast-page-background-meta":{"desktop":{"background-color":"var(--ast-global-color-4)","background-image":"","background-repeat":"repeat","background-position":"center center","background-size":"auto","background-attachment":"scroll","background-type":"","background-media":"","overlay-type":"","overlay-color":"","overlay-opacity":"","overlay-gradient":""},"tablet":{"background-color":"","background-image":"","background-repeat":"repeat","background-position":"center center","background-size":"auto","background-attachment":"scroll","background-type":"","background-media":"","overlay-type":"","overlay-color":"","overlay-opacity":"","overlay-gradient":""},"mobile":{"background-color":"","background-image":"","background-repeat":"repeat","background-position":"center center","background-size":"auto","background-attachment":"scroll","background-type":"","background-media":"","overlay-type":"","overlay-color":"","overlay-opacity":"","overlay-gradient":""}},"ast-content-background-meta":{"desktop":{"background-color":"var(--ast-global-color-5)","background-image":"","background-repeat":"repeat","background-position":"center center","background-size":"auto","background-attachment":"scroll","background-type":"","background-media":"","overlay-type":"","overlay-color":"","overlay-opacity":"","overlay-gradient":""},"tablet":{"background-color":"var(--ast-global-color-5)","background-image":"","background-repeat":"repeat","background-position":"center center","background-size":"auto","background-attachment":"scroll","background-type":"","background-media":"","overlay-type":"","overlay-color":"","overlay-opacity":"","overlay-gradient":""},"mobile":{"background-color":"var(--ast-global-color-5)","background-image":"","background-repeat":"repeat","background-position":"center center","background-size":"auto","background-attachment":"scroll","background-type":"","background-media":"","overlay-type":"","overlay-color":"","overlay-opacity":"","overlay-gradient":""}},"footnotes":""},"categories":[154,141],"tags":[],"class_list":["post-19772","post","type-post","status-publish","format-standard","has-post-thumbnail","hentry","category-cs","category-emprenedoria"],"post_mailing_queue_ids":[],"_links":{"self":[{"href":"https:\/\/agora.xtec.cat\/ceip-terranostra\/wp-json\/wp\/v2\/posts\/19772","targetHints":{"allow":["GET"]}}],"collection":[{"href":"https:\/\/agora.xtec.cat\/ceip-terranostra\/wp-json\/wp\/v2\/posts"}],"about":[{"href":"https:\/\/agora.xtec.cat\/ceip-terranostra\/wp-json\/wp\/v2\/types\/post"}],"author":[{"embeddable":true,"href":"https:\/\/agora.xtec.cat\/ceip-terranostra\/wp-json\/wp\/v2\/users\/29"}],"replies":[{"embeddable":true,"href":"https:\/\/agora.xtec.cat\/ceip-terranostra\/wp-json\/wp\/v2\/comments?post=19772"}],"version-history":[{"count":3,"href":"https:\/\/agora.xtec.cat\/ceip-terranostra\/wp-json\/wp\/v2\/posts\/19772\/revisions"}],"predecessor-version":[{"id":19863,"href":"https:\/\/agora.xtec.cat\/ceip-terranostra\/wp-json\/wp\/v2\/posts\/19772\/revisions\/19863"}],"wp:featuredmedia":[{"embeddable":true,"href":"https:\/\/agora.xtec.cat\/ceip-terranostra\/wp-json\/wp\/v2\/media\/19773"}],"wp:attachment":[{"href":"https:\/\/agora.xtec.cat\/ceip-terranostra\/wp-json\/wp\/v2\/media?parent=19772"}],"wp:term":[{"taxonomy":"category","embeddable":true,"href":"https:\/\/agora.xtec.cat\/ceip-terranostra\/wp-json\/wp\/v2\/categories?post=19772"},{"taxonomy":"post_tag","embeddable":true,"href":"https:\/\/agora.xtec.cat\/ceip-terranostra\/wp-json\/wp\/v2\/tags?post=19772"}],"curies":[{"name":"wp","href":"https:\/\/api.w.org\/{rel}","templated":true}]}}