{"id":19711,"date":"2021-01-19T20:17:42","date_gmt":"2021-01-19T19:17:42","guid":{"rendered":"http:\/\/agora.xtec.cat\/ceip-terranostra\/?p=19711"},"modified":"2021-01-19T20:50:14","modified_gmt":"2021-01-19T19:50:14","slug":"els-valors-de-la-nostra-cooperativa-2","status":"publish","type":"post","link":"https:\/\/agora.xtec.cat\/ceip-terranostra\/emprenedoria\/els-valors-de-la-nostra-cooperativa-2\/","title":{"rendered":"ELS VALORS DE LA NOSTRA COOPERATIVA"},"content":{"rendered":"<p>Per poder iniciar el projecte de la nostra cooperativa, primer de tot vam triar quins valors vol\u00edem tenir com a cooperativa.<\/p>\n<p>Tots nosaltreS creiem que la nostra cooperativa t\u00e9 uns valors especials perqu\u00e8 entre tots vam decidir i triar aquells valors que ens representaven i ens identificaven m\u00e9s.<\/p>\n<p>Primer de tot, vam investigar qu\u00e8 s\u00f3n els valors i vam descobrir que s\u00f3n el conjunt de qualitats que fan que alguna cosa o alguna persona sigui valorada i\/o estimada.<br \/>\nUn cop ho vam tenir clar, en una fitxa tothom va haver d&#8217;escriure el perqu\u00e8 creia que ell podia ser \u00fatil per a la cooperativa i quina era la seva qualitat de personalitat que podia ajudar per formar-ne part. De totes les conclusions i caracter\u00edstiques que varen sortir, vam decidir quins serien els nostres valors i en v\u00e0rem fer uns cartells, els quals van ser:<\/p>\n<p>&#8211; El valor de la <strong>INICIATIVA<\/strong>, que per nosaltres vol dir que una persona ha de ser decidida, comen\u00e7ar les tasques, acci\u00f3 que fa que alg\u00fa sigui el primer a dir una idea o comen\u00e7ar alguna cosa.<br \/>\n<a href=\"https:\/\/agora.xtec.cat\/ceip-terranostra\/wp-content\/uploads\/usu1202\/2021\/01\/iniciativa.jpg\"><img loading=\"lazy\" decoding=\"async\" class=\"aligncenter size-full wp-image-19717\" src=\"https:\/\/agora.xtec.cat\/ceip-terranostra\/wp-content\/uploads\/usu1202\/2021\/01\/iniciativa.jpg\" alt=\"\" width=\"469\" height=\"491\" srcset=\"https:\/\/agora.xtec.cat\/ceip-terranostra\/wp-content\/uploads\/usu1202\/2021\/01\/iniciativa.jpg 469w, https:\/\/agora.xtec.cat\/ceip-terranostra\/wp-content\/uploads\/usu1202\/2021\/01\/iniciativa-287x300.jpg 287w\" sizes=\"auto, (max-width: 469px) 100vw, 469px\" \/><\/a><\/p>\n<p>&#8211; El valor de <strong>PRENDRE DECISIONS<\/strong> que \u00e9s saber triar el qu\u00e8 \u00e9s millor, ser decidit, prendre bones decisions i raonades.<br \/>\n<a href=\"https:\/\/agora.xtec.cat\/ceip-terranostra\/wp-content\/uploads\/usu1202\/2021\/01\/prendre-decisions.jpg\"><img loading=\"lazy\" decoding=\"async\" class=\"aligncenter size-full wp-image-19715\" src=\"https:\/\/agora.xtec.cat\/ceip-terranostra\/wp-content\/uploads\/usu1202\/2021\/01\/prendre-decisions.jpg\" alt=\"\" width=\"478\" height=\"620\" srcset=\"https:\/\/agora.xtec.cat\/ceip-terranostra\/wp-content\/uploads\/usu1202\/2021\/01\/prendre-decisions.jpg 478w, https:\/\/agora.xtec.cat\/ceip-terranostra\/wp-content\/uploads\/usu1202\/2021\/01\/prendre-decisions-231x300.jpg 231w\" sizes=\"auto, (max-width: 478px) 100vw, 478px\" \/><\/a><\/p>\n<p>&#8211; El valor de la<strong> CREATIVITAT<\/strong>: Tenir imaginaci\u00f3,moltes idees, inventar coses noves, ser original a l\u2019hora de treballar.<br \/>\n<a href=\"https:\/\/agora.xtec.cat\/ceip-terranostra\/wp-content\/uploads\/usu1202\/2021\/01\/creativitat.jpg\"><img loading=\"lazy\" decoding=\"async\" class=\"aligncenter size-full wp-image-19713\" src=\"https:\/\/agora.xtec.cat\/ceip-terranostra\/wp-content\/uploads\/usu1202\/2021\/01\/creativitat.jpg\" alt=\"\" width=\"448\" height=\"627\" srcset=\"https:\/\/agora.xtec.cat\/ceip-terranostra\/wp-content\/uploads\/usu1202\/2021\/01\/creativitat.jpg 448w, https:\/\/agora.xtec.cat\/ceip-terranostra\/wp-content\/uploads\/usu1202\/2021\/01\/creativitat-214x300.jpg 214w\" sizes=\"auto, (max-width: 448px) 100vw, 448px\" \/><\/a><\/p>\n<p>&#8211; El valor de la <strong>RESPONSABILITAT<\/strong> :Ser ordenat, organitzat i responsable (ser conscient del qu\u00e8 fas, com i quan ho fas)<br \/>\n<a href=\"https:\/\/agora.xtec.cat\/ceip-terranostra\/wp-content\/uploads\/usu1202\/2021\/01\/responsabilitat.jpg\"><img loading=\"lazy\" decoding=\"async\" class=\"aligncenter size-full wp-image-19718\" src=\"https:\/\/agora.xtec.cat\/ceip-terranostra\/wp-content\/uploads\/usu1202\/2021\/01\/responsabilitat.jpg\" alt=\"\" width=\"480\" height=\"630\" srcset=\"https:\/\/agora.xtec.cat\/ceip-terranostra\/wp-content\/uploads\/usu1202\/2021\/01\/responsabilitat.jpg 480w, https:\/\/agora.xtec.cat\/ceip-terranostra\/wp-content\/uploads\/usu1202\/2021\/01\/responsabilitat-229x300.jpg 229w\" sizes=\"auto, (max-width: 480px) 100vw, 480px\" \/><\/a><\/p>\n<p>&#8211; El valor d&#8217;una bona <strong>COMUNICACI\u00d3<\/strong> :Tenir facilitat per parlar davant de les persones utilitzant un to i un vocabulari adequat. Parlar t\u2019ajuda a entendre les persones, com se senten, com s\u00f3n de personalitat,&#8230;<br \/>\n<a href=\"https:\/\/agora.xtec.cat\/ceip-terranostra\/wp-content\/uploads\/usu1202\/2021\/01\/comunicaci\u00f3.jpg\"><img loading=\"lazy\" decoding=\"async\" class=\"aligncenter size-full wp-image-19714\" src=\"https:\/\/agora.xtec.cat\/ceip-terranostra\/wp-content\/uploads\/usu1202\/2021\/01\/comunicaci\u00f3.jpg\" alt=\"\" width=\"474\" height=\"616\" srcset=\"https:\/\/agora.xtec.cat\/ceip-terranostra\/wp-content\/uploads\/usu1202\/2021\/01\/comunicaci\u00f3.jpg 474w, https:\/\/agora.xtec.cat\/ceip-terranostra\/wp-content\/uploads\/usu1202\/2021\/01\/comunicaci\u00f3-231x300.jpg 231w\" sizes=\"auto, (max-width: 474px) 100vw, 474px\" \/><\/a><\/p>\n<p>&#8211; El de l&#8217;<strong>AUTOESTIMA<\/strong>: Creure en un mateix( no rendir-te, ser positiu, estar motivat ).<br \/>\n<a href=\"https:\/\/agora.xtec.cat\/ceip-terranostra\/wp-content\/uploads\/usu1202\/2021\/01\/autoestima.jpg\"><img loading=\"lazy\" decoding=\"async\" class=\"aligncenter size-full wp-image-19716\" src=\"https:\/\/agora.xtec.cat\/ceip-terranostra\/wp-content\/uploads\/usu1202\/2021\/01\/autoestima.jpg\" alt=\"\" width=\"475\" height=\"623\" srcset=\"https:\/\/agora.xtec.cat\/ceip-terranostra\/wp-content\/uploads\/usu1202\/2021\/01\/autoestima.jpg 475w, https:\/\/agora.xtec.cat\/ceip-terranostra\/wp-content\/uploads\/usu1202\/2021\/01\/autoestima-229x300.jpg 229w\" sizes=\"auto, (max-width: 475px) 100vw, 475px\" \/><\/a><\/p>\n<p>&#8211; Per \u00faltim el del <strong>TREBALL EN EQUIP<\/strong>:Cooperar amb un conjunt de persones, respectar-nos i escoltar-nos els uns als altres, que tothom aporti alguna cosa.<br \/>\n<a href=\"https:\/\/agora.xtec.cat\/ceip-terranostra\/wp-content\/uploads\/usu1202\/2021\/01\/treball-en-equip.jpg\"><img loading=\"lazy\" decoding=\"async\" class=\"aligncenter size-full wp-image-19712\" src=\"https:\/\/agora.xtec.cat\/ceip-terranostra\/wp-content\/uploads\/usu1202\/2021\/01\/treball-en-equip.jpg\" alt=\"\" width=\"446\" height=\"630\" srcset=\"https:\/\/agora.xtec.cat\/ceip-terranostra\/wp-content\/uploads\/usu1202\/2021\/01\/treball-en-equip.jpg 446w, https:\/\/agora.xtec.cat\/ceip-terranostra\/wp-content\/uploads\/usu1202\/2021\/01\/treball-en-equip-212x300.jpg 212w\" sizes=\"auto, (max-width: 446px) 100vw, 446px\" \/><\/a><\/p>\n<p>J\u00falia, Nil, Toni i Guifr\u00e9<br \/>\n(Socis i s\u00f2cia de la cooperativa ECOART)<\/p>\n","protected":false},"excerpt":{"rendered":"<p>Per poder iniciar el projecte de la nostra cooperativa, primer de tot vam triar quins valors vol\u00edem tenir com a cooperativa. Tots nosaltreS creiem que la nostra cooperativa t\u00e9 uns valors especials perqu\u00e8 entre tots vam decidir i triar aquells valors que ens representaven i ens identificaven m\u00e9s. Primer de tot, vam investigar qu\u00e8 s\u00f3n [&hellip;]<\/p>\n","protected":false},"author":29,"featured_media":19721,"comment_status":"open","ping_status":"closed","sticky":false,"template":"","format":"standard","meta":{"_bbp_topic_count":0,"_bbp_reply_count":0,"_bbp_total_topic_count":0,"_bbp_total_reply_count":0,"_bbp_voice_count":0,"_bbp_anonymous_reply_count":0,"_bbp_topic_count_hidden":0,"_bbp_reply_count_hidden":0,"_bbp_forum_subforum_count":0,"site-sidebar-layout":"default","site-content-layout":"","ast-site-content-layout":"","site-content-style":"default","site-sidebar-style":"default","ast-global-header-display":"","ast-banner-title-visibility":"","ast-main-header-display":"","ast-hfb-above-header-display":"","ast-hfb-below-header-display":"","ast-hfb-mobile-header-display":"","site-post-title":"","ast-breadcrumbs-content":"","ast-featured-img":"","footer-sml-layout":"","theme-transparent-header-meta":"","adv-header-id-meta":"","stick-header-meta":"","header-above-stick-meta":"","header-main-stick-meta":"","header-below-stick-meta":"","astra-migrate-meta-layouts":"default","ast-page-background-enabled":"default","ast-page-background-meta":{"desktop":{"background-color":"var(--ast-global-color-4)","background-image":"","background-repeat":"repeat","background-position":"center center","background-size":"auto","background-attachment":"scroll","background-type":"","background-media":"","overlay-type":"","overlay-color":"","overlay-opacity":"","overlay-gradient":""},"tablet":{"background-color":"","background-image":"","background-repeat":"repeat","background-position":"center center","background-size":"auto","background-attachment":"scroll","background-type":"","background-media":"","overlay-type":"","overlay-color":"","overlay-opacity":"","overlay-gradient":""},"mobile":{"background-color":"","background-image":"","background-repeat":"repeat","background-position":"center center","background-size":"auto","background-attachment":"scroll","background-type":"","background-media":"","overlay-type":"","overlay-color":"","overlay-opacity":"","overlay-gradient":""}},"ast-content-background-meta":{"desktop":{"background-color":"var(--ast-global-color-5)","background-image":"","background-repeat":"repeat","background-position":"center center","background-size":"auto","background-attachment":"scroll","background-type":"","background-media":"","overlay-type":"","overlay-color":"","overlay-opacity":"","overlay-gradient":""},"tablet":{"background-color":"var(--ast-global-color-5)","background-image":"","background-repeat":"repeat","background-position":"center center","background-size":"auto","background-attachment":"scroll","background-type":"","background-media":"","overlay-type":"","overlay-color":"","overlay-opacity":"","overlay-gradient":""},"mobile":{"background-color":"var(--ast-global-color-5)","background-image":"","background-repeat":"repeat","background-position":"center center","background-size":"auto","background-attachment":"scroll","background-type":"","background-media":"","overlay-type":"","overlay-color":"","overlay-opacity":"","overlay-gradient":""}},"footnotes":""},"categories":[141],"tags":[102,136],"class_list":["post-19711","post","type-post","status-publish","format-standard","has-post-thumbnail","hentry","category-emprenedoria","tag-cicle-superior","tag-emprenedoria"],"post_mailing_queue_ids":[],"_links":{"self":[{"href":"https:\/\/agora.xtec.cat\/ceip-terranostra\/wp-json\/wp\/v2\/posts\/19711","targetHints":{"allow":["GET"]}}],"collection":[{"href":"https:\/\/agora.xtec.cat\/ceip-terranostra\/wp-json\/wp\/v2\/posts"}],"about":[{"href":"https:\/\/agora.xtec.cat\/ceip-terranostra\/wp-json\/wp\/v2\/types\/post"}],"author":[{"embeddable":true,"href":"https:\/\/agora.xtec.cat\/ceip-terranostra\/wp-json\/wp\/v2\/users\/29"}],"replies":[{"embeddable":true,"href":"https:\/\/agora.xtec.cat\/ceip-terranostra\/wp-json\/wp\/v2\/comments?post=19711"}],"version-history":[{"count":3,"href":"https:\/\/agora.xtec.cat\/ceip-terranostra\/wp-json\/wp\/v2\/posts\/19711\/revisions"}],"predecessor-version":[{"id":19723,"href":"https:\/\/agora.xtec.cat\/ceip-terranostra\/wp-json\/wp\/v2\/posts\/19711\/revisions\/19723"}],"wp:featuredmedia":[{"embeddable":true,"href":"https:\/\/agora.xtec.cat\/ceip-terranostra\/wp-json\/wp\/v2\/media\/19721"}],"wp:attachment":[{"href":"https:\/\/agora.xtec.cat\/ceip-terranostra\/wp-json\/wp\/v2\/media?parent=19711"}],"wp:term":[{"taxonomy":"category","embeddable":true,"href":"https:\/\/agora.xtec.cat\/ceip-terranostra\/wp-json\/wp\/v2\/categories?post=19711"},{"taxonomy":"post_tag","embeddable":true,"href":"https:\/\/agora.xtec.cat\/ceip-terranostra\/wp-json\/wp\/v2\/tags?post=19711"}],"curies":[{"name":"wp","href":"https:\/\/api.w.org\/{rel}","templated":true}]}}