{"id":9488,"date":"2018-06-01T10:16:33","date_gmt":"2018-06-01T08:16:33","guid":{"rendered":"http:\/\/agora.xtec.cat\/ceip-taquigraf-garriga\/?p=9488"},"modified":"2018-07-13T11:37:17","modified_gmt":"2018-07-13T09:37:17","slug":"horaris-i-serveis-jornada-intensiva","status":"publish","type":"post","link":"https:\/\/agora.xtec.cat\/ceip-taquigraf-garriga\/general\/horaris-i-serveis-jornada-intensiva\/","title":{"rendered":"Horaris i serveis jornada intensiva"},"content":{"rendered":"<p>Com us v\u00e0rem informar al calendari del curs escolar 2017\/18, el dilluns 4 de juny ser\u00e0 l&#8217;\u00faltim dia de jornada normal.<\/p>\n<p>Dimarts 5 de juny, comencem la j<span style=\"font-family: inherit; font-size: 1em;\">ornada intensiva.<\/span><\/p>\n<p>Aix\u00f2 vol dir que les classes comen\u00e7aran, com sempre, a les 9.00 h i duraran fins les 13.00h.<\/p>\n<p>Depenent dels serveis que feu servir haureu de venir a recollir els vostres fills i filles a les seg\u00fcents hores:<\/p>\n<table style=\"width: 497px; height: 315px;\">\n<tbody>\n<tr>\n<td style=\"width: 144px;\"><strong>Transport<\/strong><\/td>\n<td style=\"width: 143px;\"><strong>Menjador<\/strong><\/td>\n<td style=\"width: 200px;\"><strong>Hora i lloc de recollida<\/strong><\/td>\n<\/tr>\n<tr>\n<td style=\"width: 144px;\">No<\/td>\n<td style=\"width: 143px;\">No<\/td>\n<td style=\"width: 200px;\">13.00 Recollida a les classes. Entrada per la porta habitual de l&#8217;escola<\/td>\n<\/tr>\n<tr>\n<td style=\"width: 144px;\">No<\/td>\n<td style=\"width: 143px;\">S\u00ed<\/td>\n<td style=\"width: 200px;\">15.00 a 15.15 Passarel\u00b7la infantil<\/td>\n<\/tr>\n<tr>\n<td style=\"width: 144px;\">S\u00ed<\/td>\n<td style=\"width: 143px;\">Si<\/td>\n<td style=\"width: 200px;\">15.30 surten de l&#8217;escola. Els haureu de recollir a les parades corresponents i comptant el temps que triguin en arribar.<\/td>\n<\/tr>\n<\/tbody>\n<\/table>\n<table style=\"width: 483px;\">\n<tbody>\n<tr>\n<td style=\"width: 149px;\">Normalment, si<\/td>\n<td style=\"width: 151px;\">No<\/td>\n<td style=\"width: 199px;\">13.00 Recollida a les classes. Entrada per la porta habitual de l&#8217;escola<\/td>\n<\/tr>\n<tr>\n<td style=\"width: 149px;\"><\/td>\n<td style=\"width: 151px;\"><\/td>\n<td style=\"width: 199px;\"><\/td>\n<\/tr>\n<\/tbody>\n<\/table>\n","protected":false},"excerpt":{"rendered":"<p>Com us v\u00e0rem informar al calendari del curs escolar 2017\/18, el dilluns 4 de juny ser\u00e0 l&#8217;\u00faltim dia de jornada normal. Dimarts 5 de juny, comencem la jornada intensiva. Aix\u00f2 vol dir que les classes comen\u00e7aran, com sempre, a les 9.00 h i duraran fins les 13.00h. Depenent dels serveis que feu servir haureu de [&hellip;]<\/p>\n","protected":false},"author":3,"featured_media":0,"comment_status":"open","ping_status":"closed","sticky":false,"template":"","format":"standard","meta":{"_bbp_topic_count":0,"_bbp_reply_count":0,"_bbp_total_topic_count":0,"_bbp_total_reply_count":0,"_bbp_voice_count":0,"_bbp_anonymous_reply_count":0,"_bbp_topic_count_hidden":0,"_bbp_reply_count_hidden":0,"_bbp_forum_subforum_count":0,"site-sidebar-layout":"default","site-content-layout":"","ast-site-content-layout":"","site-content-style":"default","site-sidebar-style":"default","ast-global-header-display":"","ast-banner-title-visibility":"","ast-main-header-display":"","ast-hfb-above-header-display":"","ast-hfb-below-header-display":"","ast-hfb-mobile-header-display":"","site-post-title":"","ast-breadcrumbs-content":"","ast-featured-img":"","footer-sml-layout":"","theme-transparent-header-meta":"","adv-header-id-meta":"","stick-header-meta":"","header-above-stick-meta":"","header-main-stick-meta":"","header-below-stick-meta":"","astra-migrate-meta-layouts":"default","ast-page-background-enabled":"default","ast-page-background-meta":{"desktop":{"background-color":"var(--ast-global-color-4)","background-image":"","background-repeat":"repeat","background-position":"center center","background-size":"auto","background-attachment":"scroll","background-type":"","background-media":"","overlay-type":"","overlay-color":"","overlay-opacity":"","overlay-gradient":""},"tablet":{"background-color":"","background-image":"","background-repeat":"repeat","background-position":"center center","background-size":"auto","background-attachment":"scroll","background-type":"","background-media":"","overlay-type":"","overlay-color":"","overlay-opacity":"","overlay-gradient":""},"mobile":{"background-color":"","background-image":"","background-repeat":"repeat","background-position":"center center","background-size":"auto","background-attachment":"scroll","background-type":"","background-media":"","overlay-type":"","overlay-color":"","overlay-opacity":"","overlay-gradient":""}},"ast-content-background-meta":{"desktop":{"background-color":"var(--ast-global-color-5)","background-image":"","background-repeat":"repeat","background-position":"center center","background-size":"auto","background-attachment":"scroll","background-type":"","background-media":"","overlay-type":"","overlay-color":"","overlay-opacity":"","overlay-gradient":""},"tablet":{"background-color":"var(--ast-global-color-5)","background-image":"","background-repeat":"repeat","background-position":"center center","background-size":"auto","background-attachment":"scroll","background-type":"","background-media":"","overlay-type":"","overlay-color":"","overlay-opacity":"","overlay-gradient":""},"mobile":{"background-color":"var(--ast-global-color-5)","background-image":"","background-repeat":"repeat","background-position":"center center","background-size":"auto","background-attachment":"scroll","background-type":"","background-media":"","overlay-type":"","overlay-color":"","overlay-opacity":"","overlay-gradient":""}},"footnotes":""},"categories":[1,4],"tags":[],"class_list":["post-9488","post","type-post","status-publish","format-standard","hentry","category-general","category-portada"],"post_mailing_queue_ids":[],"_links":{"self":[{"href":"https:\/\/agora.xtec.cat\/ceip-taquigraf-garriga\/wp-json\/wp\/v2\/posts\/9488","targetHints":{"allow":["GET"]}}],"collection":[{"href":"https:\/\/agora.xtec.cat\/ceip-taquigraf-garriga\/wp-json\/wp\/v2\/posts"}],"about":[{"href":"https:\/\/agora.xtec.cat\/ceip-taquigraf-garriga\/wp-json\/wp\/v2\/types\/post"}],"author":[{"embeddable":true,"href":"https:\/\/agora.xtec.cat\/ceip-taquigraf-garriga\/wp-json\/wp\/v2\/users\/3"}],"replies":[{"embeddable":true,"href":"https:\/\/agora.xtec.cat\/ceip-taquigraf-garriga\/wp-json\/wp\/v2\/comments?post=9488"}],"version-history":[{"count":2,"href":"https:\/\/agora.xtec.cat\/ceip-taquigraf-garriga\/wp-json\/wp\/v2\/posts\/9488\/revisions"}],"predecessor-version":[{"id":9490,"href":"https:\/\/agora.xtec.cat\/ceip-taquigraf-garriga\/wp-json\/wp\/v2\/posts\/9488\/revisions\/9490"}],"wp:attachment":[{"href":"https:\/\/agora.xtec.cat\/ceip-taquigraf-garriga\/wp-json\/wp\/v2\/media?parent=9488"}],"wp:term":[{"taxonomy":"category","embeddable":true,"href":"https:\/\/agora.xtec.cat\/ceip-taquigraf-garriga\/wp-json\/wp\/v2\/categories?post=9488"},{"taxonomy":"post_tag","embeddable":true,"href":"https:\/\/agora.xtec.cat\/ceip-taquigraf-garriga\/wp-json\/wp\/v2\/tags?post=9488"}],"curies":[{"name":"wp","href":"https:\/\/api.w.org\/{rel}","templated":true}]}}