{"id":9336,"date":"2018-03-23T07:41:04","date_gmt":"2018-03-23T06:41:04","guid":{"rendered":"http:\/\/agora.xtec.cat\/ceip-taquigraf-garriga\/?p=9336"},"modified":"2018-07-13T11:37:53","modified_gmt":"2018-07-13T09:37:53","slug":"calendari-i-tasques-dels-proces-de-preinscripcio-pel-curs-2018-2019","status":"publish","type":"post","link":"https:\/\/agora.xtec.cat\/ceip-taquigraf-garriga\/general\/calendari-i-tasques-dels-proces-de-preinscripcio-pel-curs-2018-2019\/","title":{"rendered":"Calendari i tasques dels proc\u00e9s de Preinscripci\u00f3 pel curs 2018-2019"},"content":{"rendered":"<p><strong><u>CALENDARI DE PREINSCRIPCI\u00d3 curs 2018\/19<\/u><\/strong><\/p>\n<p><strong>\u00a0<\/strong><strong>Difusi\u00f3 de l\u2019oferta de places (provisional): 9 d\u2019abril<\/strong><\/p>\n<p><strong>\u00a0<\/strong><strong>Presentaci\u00f3 de sol\u00b7licituds: del 13 al 24 d\u2019abril<\/strong><\/p>\n<p><strong>\u00a0<\/strong><strong>Presentaci\u00f3 de documentaci\u00f3: fins el 25 d\u2019abril<\/strong><\/p>\n<p><strong>\u00a0<\/strong><strong>Llistes barem provisional: 3 de maig<\/strong><\/p>\n<p><strong>\u00a0<\/strong><strong>Presentaci\u00f3 de reclamacions: del 4 al 8 de maig<\/strong><\/p>\n<p><strong>\u00a0<\/strong><strong>Llistes barem amb reclamacions resoltes: 10 de maig<\/strong><\/p>\n<p><strong>\u00a0<\/strong><strong>Sorteig: 11 de maig (a partir de les 11 o 12 h.)<\/strong><\/p>\n<p><strong>\u00a0<\/strong><strong>Llistes ordenades definitives: 15 de maig<\/strong><\/p>\n<p><strong>\u00a0<\/strong><strong>Oferta de places definitiva: 11 de juny<\/strong><\/p>\n<p><strong>\u00a0<\/strong><strong>Publicaci\u00f3 llistes d\u2019admesos: 12 de juny (a partir d\u2019aquesta data ja podreu trucar o venir per demanar hora per a la matr\u00edcula).<\/strong><\/p>\n<p><strong>Matr\u00edcula: del 21 al 27 de juny.<\/strong><\/p>\n<p><a href=\"http:\/\/agora.xtec.cat\/ceip-taquigraf-garriga\/wp-content\/uploads\/usu853\/2018\/03\/Calendari-preinscripci\u00f3-18-19.jpg\"><img loading=\"lazy\" decoding=\"async\" class=\"alignnone wp-image-9338 size-full\" src=\"http:\/\/agora.xtec.cat\/ceip-taquigraf-garriga\/wp-content\/uploads\/usu853\/2018\/03\/Calendari-preinscripci\u00f3-18-19.jpg\" alt=\"\" width=\"357\" height=\"554\" srcset=\"https:\/\/agora.xtec.cat\/ceip-taquigraf-garriga\/wp-content\/uploads\/usu853\/2018\/03\/Calendari-preinscripci\u00f3-18-19.jpg 357w, https:\/\/agora.xtec.cat\/ceip-taquigraf-garriga\/wp-content\/uploads\/usu853\/2018\/03\/Calendari-preinscripci\u00f3-18-19-193x300.jpg 193w\" sizes=\"auto, (max-width: 357px) 100vw, 357px\" \/><\/a><\/p>\n<p><a href=\"http:\/\/agora.xtec.cat\/ceip-taquigraf-garriga\/wp-content\/uploads\/usu853\/2018\/03\/Calendari-preinscripcio\u0301-2018-2019-centres_V3.pdf\">Calendari preinscripcio\u0301 2018-2019 centres_V3<\/a><\/p>\n<p>&nbsp;<\/p>\n","protected":false},"excerpt":{"rendered":"<p>CALENDARI DE PREINSCRIPCI\u00d3 curs 2018\/19<\/p>\n","protected":false},"author":3,"featured_media":9346,"comment_status":"open","ping_status":"closed","sticky":false,"template":"","format":"standard","meta":{"_bbp_topic_count":0,"_bbp_reply_count":0,"_bbp_total_topic_count":0,"_bbp_total_reply_count":0,"_bbp_voice_count":0,"_bbp_anonymous_reply_count":0,"_bbp_topic_count_hidden":0,"_bbp_reply_count_hidden":0,"_bbp_forum_subforum_count":0,"site-sidebar-layout":"default","site-content-layout":"","ast-site-content-layout":"","site-content-style":"default","site-sidebar-style":"default","ast-global-header-display":"","ast-banner-title-visibility":"","ast-main-header-display":"","ast-hfb-above-header-display":"","ast-hfb-below-header-display":"","ast-hfb-mobile-header-display":"","site-post-title":"","ast-breadcrumbs-content":"","ast-featured-img":"","footer-sml-layout":"","theme-transparent-header-meta":"","adv-header-id-meta":"","stick-header-meta":"","header-above-stick-meta":"","header-main-stick-meta":"","header-below-stick-meta":"","astra-migrate-meta-layouts":"default","ast-page-background-enabled":"default","ast-page-background-meta":{"desktop":{"background-color":"var(--ast-global-color-4)","background-image":"","background-repeat":"repeat","background-position":"center center","background-size":"auto","background-attachment":"scroll","background-type":"","background-media":"","overlay-type":"","overlay-color":"","overlay-opacity":"","overlay-gradient":""},"tablet":{"background-color":"","background-image":"","background-repeat":"repeat","background-position":"center center","background-size":"auto","background-attachment":"scroll","background-type":"","background-media":"","overlay-type":"","overlay-color":"","overlay-opacity":"","overlay-gradient":""},"mobile":{"background-color":"","background-image":"","background-repeat":"repeat","background-position":"center center","background-size":"auto","background-attachment":"scroll","background-type":"","background-media":"","overlay-type":"","overlay-color":"","overlay-opacity":"","overlay-gradient":""}},"ast-content-background-meta":{"desktop":{"background-color":"var(--ast-global-color-5)","background-image":"","background-repeat":"repeat","background-position":"center center","background-size":"auto","background-attachment":"scroll","background-type":"","background-media":"","overlay-type":"","overlay-color":"","overlay-opacity":"","overlay-gradient":""},"tablet":{"background-color":"var(--ast-global-color-5)","background-image":"","background-repeat":"repeat","background-position":"center center","background-size":"auto","background-attachment":"scroll","background-type":"","background-media":"","overlay-type":"","overlay-color":"","overlay-opacity":"","overlay-gradient":""},"mobile":{"background-color":"var(--ast-global-color-5)","background-image":"","background-repeat":"repeat","background-position":"center center","background-size":"auto","background-attachment":"scroll","background-type":"","background-media":"","overlay-type":"","overlay-color":"","overlay-opacity":"","overlay-gradient":""}},"footnotes":""},"categories":[1,4],"tags":[165,166,164],"class_list":["post-9336","post","type-post","status-publish","format-standard","has-post-thumbnail","hentry","category-general","category-portada","tag-calendari","tag-curs-201819","tag-preinscripcio"],"post_mailing_queue_ids":[],"_links":{"self":[{"href":"https:\/\/agora.xtec.cat\/ceip-taquigraf-garriga\/wp-json\/wp\/v2\/posts\/9336","targetHints":{"allow":["GET"]}}],"collection":[{"href":"https:\/\/agora.xtec.cat\/ceip-taquigraf-garriga\/wp-json\/wp\/v2\/posts"}],"about":[{"href":"https:\/\/agora.xtec.cat\/ceip-taquigraf-garriga\/wp-json\/wp\/v2\/types\/post"}],"author":[{"embeddable":true,"href":"https:\/\/agora.xtec.cat\/ceip-taquigraf-garriga\/wp-json\/wp\/v2\/users\/3"}],"replies":[{"embeddable":true,"href":"https:\/\/agora.xtec.cat\/ceip-taquigraf-garriga\/wp-json\/wp\/v2\/comments?post=9336"}],"version-history":[{"count":3,"href":"https:\/\/agora.xtec.cat\/ceip-taquigraf-garriga\/wp-json\/wp\/v2\/posts\/9336\/revisions"}],"predecessor-version":[{"id":9342,"href":"https:\/\/agora.xtec.cat\/ceip-taquigraf-garriga\/wp-json\/wp\/v2\/posts\/9336\/revisions\/9342"}],"wp:featuredmedia":[{"embeddable":true,"href":"https:\/\/agora.xtec.cat\/ceip-taquigraf-garriga\/wp-json\/wp\/v2\/media\/9346"}],"wp:attachment":[{"href":"https:\/\/agora.xtec.cat\/ceip-taquigraf-garriga\/wp-json\/wp\/v2\/media?parent=9336"}],"wp:term":[{"taxonomy":"category","embeddable":true,"href":"https:\/\/agora.xtec.cat\/ceip-taquigraf-garriga\/wp-json\/wp\/v2\/categories?post=9336"},{"taxonomy":"post_tag","embeddable":true,"href":"https:\/\/agora.xtec.cat\/ceip-taquigraf-garriga\/wp-json\/wp\/v2\/tags?post=9336"}],"curies":[{"name":"wp","href":"https:\/\/api.w.org\/{rel}","templated":true}]}}