{"id":9310,"date":"2018-03-20T13:35:43","date_gmt":"2018-03-20T12:35:43","guid":{"rendered":"http:\/\/agora.xtec.cat\/ceip-taquigraf-garriga\/?p=9310"},"modified":"2018-03-23T07:47:27","modified_gmt":"2018-03-23T06:47:27","slug":"el-reportatge-de-lesquiada","status":"publish","type":"post","link":"https:\/\/agora.xtec.cat\/ceip-taquigraf-garriga\/general\/el-reportatge-de-lesquiada\/","title":{"rendered":"EL REPORTATGE DE L&#8217;ESQUIADA"},"content":{"rendered":"<h2><strong>Ja teniu aqu\u00ed el nostre reportatge dia per dia!<\/strong><\/h2>\n<h2>Dia 1:<a href=\"http:\/\/agora.xtec.cat\/ceip-taquigraf-garriga\/wp-content\/uploads\/usu853\/2018\/03\/IMG_2466.jpg\"><img loading=\"lazy\" decoding=\"async\" class=\"size-medium wp-image-9311 alignright\" src=\"http:\/\/agora.xtec.cat\/ceip-taquigraf-garriga\/wp-content\/uploads\/usu853\/2018\/03\/IMG_2466-300x225.jpg\" alt=\"\" width=\"300\" height=\"225\" srcset=\"https:\/\/agora.xtec.cat\/ceip-taquigraf-garriga\/wp-content\/uploads\/usu853\/2018\/03\/IMG_2466-300x225.jpg 300w, https:\/\/agora.xtec.cat\/ceip-taquigraf-garriga\/wp-content\/uploads\/usu853\/2018\/03\/IMG_2466-768x576.jpg 768w, https:\/\/agora.xtec.cat\/ceip-taquigraf-garriga\/wp-content\/uploads\/usu853\/2018\/03\/IMG_2466-1024x768.jpg 1024w, https:\/\/agora.xtec.cat\/ceip-taquigraf-garriga\/wp-content\/uploads\/usu853\/2018\/03\/IMG_2466-200x150.jpg 200w, https:\/\/agora.xtec.cat\/ceip-taquigraf-garriga\/wp-content\/uploads\/usu853\/2018\/03\/IMG_2466.jpg 1440w\" sizes=\"auto, (max-width: 300px) 100vw, 300px\" \/><\/a><\/h2>\n<p>A les nou del mat\u00ed, an\u00e0vem tots a l\u2019escola molt entusiasmats per anar de col\u00f2nies, ja ven\u00edem preparats per esquiar amb tot l\u2019equipatge. L\u2019autob\u00fas va arribar all\u00e0 de les nou i mitja, i tots vam posar les nostres maletes per pujar-hi. El primer dia van venir amb nosaltres l\u2019Anna de sis\u00e8 A, l\u2019Irene de la classe de sis\u00e8 B, l\u2019Uri de sis\u00e8 C, la Cristina del menjador i el Toni. A l\u2019arribar al Port Del Comte vam esmorzar una mica tard, per\u00f2 vam anar per feina i r\u00e0pidament \u00a0vam llogar els esqu\u00eds i comen\u00e7\u00e0rem a esquiar tot fent una prova de nivell per posar-nos en diferents grups.<\/p>\n<p>V\u00e0rem dinar bastant tard, despr\u00e9s vam pujar una estona al costat de les pistes a fer una guerra de boles de neu. Va ser molt divertida!<\/p>\n<h2>Dia 2:<\/h2>\n<p><a href=\"http:\/\/agora.xtec.cat\/ceip-taquigraf-garriga\/wp-content\/uploads\/usu853\/2018\/03\/OCSS7726.jpg\"><img loading=\"lazy\" decoding=\"async\" class=\"alignleft wp-image-9315\" src=\"http:\/\/agora.xtec.cat\/ceip-taquigraf-garriga\/wp-content\/uploads\/usu853\/2018\/03\/OCSS7726-225x300.jpg\" alt=\"\" width=\"176\" height=\"235\" srcset=\"https:\/\/agora.xtec.cat\/ceip-taquigraf-garriga\/wp-content\/uploads\/usu853\/2018\/03\/OCSS7726-225x300.jpg 225w, https:\/\/agora.xtec.cat\/ceip-taquigraf-garriga\/wp-content\/uploads\/usu853\/2018\/03\/OCSS7726-768x1024.jpg 768w, https:\/\/agora.xtec.cat\/ceip-taquigraf-garriga\/wp-content\/uploads\/usu853\/2018\/03\/OCSS7726.jpg 1080w\" sizes=\"auto, (max-width: 176px) 100vw, 176px\" \/><\/a>Bon dia! El segon dia d\u2019esqu\u00ed ja havia arribat, tots ten\u00edem moltes ganes de comen\u00e7ar.<\/p>\n<p>Vam fer les 3 hores d\u2019esqu\u00ed, i despr\u00e9s vam dinar. A la tarda, els professors ens van preparar un berenar, al principi haur\u00edem d\u2019haver fet tubbing i trineus, per\u00f2 al final nom\u00e9s trineus perqu\u00e8 la pista del tubbing estava massa gla\u00e7ada. Tot i aix\u00ed ens ho vam passar genial! M\u00e9s tard torn\u00e0rem a l\u2019hostal, i vam poder estar una estona per jugar i endre\u00e7ar les habitacions. A la nit, est\u00e0vem amb uns monitors, i jug\u00e0rem a un joc amb macarrons, fins que es va fer tard i va arribar l\u2019hora de dormir.<\/p>\n<h2><\/h2>\n<h2><\/h2>\n<h2>Dia 3:<\/h2>\n<p><a href=\"http:\/\/agora.xtec.cat\/ceip-taquigraf-garriga\/wp-content\/uploads\/usu853\/2018\/03\/WLLU4606.jpg\"><img loading=\"lazy\" decoding=\"async\" class=\"size-medium wp-image-9314 alignleft\" src=\"http:\/\/agora.xtec.cat\/ceip-taquigraf-garriga\/wp-content\/uploads\/usu853\/2018\/03\/WLLU4606-300x225.jpg\" alt=\"\" width=\"300\" height=\"225\" srcset=\"https:\/\/agora.xtec.cat\/ceip-taquigraf-garriga\/wp-content\/uploads\/usu853\/2018\/03\/WLLU4606-300x225.jpg 300w, https:\/\/agora.xtec.cat\/ceip-taquigraf-garriga\/wp-content\/uploads\/usu853\/2018\/03\/WLLU4606-768x576.jpg 768w, https:\/\/agora.xtec.cat\/ceip-taquigraf-garriga\/wp-content\/uploads\/usu853\/2018\/03\/WLLU4606-1024x768.jpg 1024w, https:\/\/agora.xtec.cat\/ceip-taquigraf-garriga\/wp-content\/uploads\/usu853\/2018\/03\/WLLU4606-200x150.jpg 200w, https:\/\/agora.xtec.cat\/ceip-taquigraf-garriga\/wp-content\/uploads\/usu853\/2018\/03\/WLLU4606.jpg 1440w\" sizes=\"auto, (max-width: 300px) 100vw, 300px\" \/><\/a>Com cada mat\u00ed, despr\u00e9s d\u2019esmorzar, an\u00e0rem a esquiar. Quan hav\u00edem acabat, vam dinar i despr\u00e9s l\u2019Oriol es va emportar a uns quants nens i nenes a esquiar una mica m\u00e9s. Mentrestant altres estaven organitzant les habitacions, ja que molts la ten\u00edem feta un desastre&#8230; Quan l\u2019habitaci\u00f3 ja estava ordenada, descans\u00e0rem perqu\u00e8 est\u00e0vem esgotats.<\/p>\n<p>Per la tarda tots vam participar a un concurs de ninots de neu. Els grups eren dels mateixos membres de l\u2019habitaci\u00f3. Al final havien quedat uns ninots d\u2019all\u00f2 m\u00e9s originals! Despr\u00e9s de sopar, vam jugar a un joc de nit i seguidament an\u00e0rem a dormir.<\/p>\n<p>&nbsp;<\/p>\n<h2>DIA 4:<a href=\"http:\/\/agora.xtec.cat\/ceip-taquigraf-garriga\/wp-content\/uploads\/usu853\/2018\/03\/IMG_2651.jpg\"><img loading=\"lazy\" decoding=\"async\" class=\"size-medium wp-image-9312 alignright\" src=\"http:\/\/agora.xtec.cat\/ceip-taquigraf-garriga\/wp-content\/uploads\/usu853\/2018\/03\/IMG_2651-300x225.jpg\" alt=\"\" width=\"300\" height=\"225\" srcset=\"https:\/\/agora.xtec.cat\/ceip-taquigraf-garriga\/wp-content\/uploads\/usu853\/2018\/03\/IMG_2651-300x225.jpg 300w, https:\/\/agora.xtec.cat\/ceip-taquigraf-garriga\/wp-content\/uploads\/usu853\/2018\/03\/IMG_2651-768x576.jpg 768w, https:\/\/agora.xtec.cat\/ceip-taquigraf-garriga\/wp-content\/uploads\/usu853\/2018\/03\/IMG_2651-1024x768.jpg 1024w, https:\/\/agora.xtec.cat\/ceip-taquigraf-garriga\/wp-content\/uploads\/usu853\/2018\/03\/IMG_2651-200x150.jpg 200w, https:\/\/agora.xtec.cat\/ceip-taquigraf-garriga\/wp-content\/uploads\/usu853\/2018\/03\/IMG_2651.jpg 1440w\" sizes=\"auto, (max-width: 300px) 100vw, 300px\" \/><\/a><\/h2>\n<p>Al mat\u00ed ens vam llevar amb m\u00fasica i despr\u00e9s ens vam preparar per anar a esquiar. Nom\u00e9s acabar-nos de vestir vam esmorzar. Agaf\u00e0rem el material d\u2019esqu\u00ed, i vam anar cap a les pistes amb els mestres. A l\u2019arribar comen\u00e7\u00e0rem a esquiar amb els monitors. Despr\u00e9s de dinar, alguns van anar a esquiar una estona m\u00e9s i altres van aprofitar per fer-se un bany a la piscina de l\u2019alberg. V\u00e0rem estar fent activitats amb els monitors i despr\u00e9s ens vam posar ben guapos i guapes per la discoteca que ens tenien preparada per despr\u00e9s de sopar. A la discoteca vam estar ballant una estona i ens ho vam passar molt b\u00e9, per\u00f2 com que ja port\u00e0vem varis dies esquiant ja ens not\u00e0vem molt cantats. Al cap d\u2019una estona ja ens adorm\u00edem i vam fer via cap al llit.<a href=\"http:\/\/agora.xtec.cat\/ceip-taquigraf-garriga\/wp-content\/uploads\/usu853\/2018\/03\/SGAG1008.jpg\"><img loading=\"lazy\" decoding=\"async\" class=\"size-medium wp-image-9313 alignleft\" src=\"http:\/\/agora.xtec.cat\/ceip-taquigraf-garriga\/wp-content\/uploads\/usu853\/2018\/03\/SGAG1008-300x225.jpg\" alt=\"\" width=\"300\" height=\"225\" srcset=\"https:\/\/agora.xtec.cat\/ceip-taquigraf-garriga\/wp-content\/uploads\/usu853\/2018\/03\/SGAG1008-300x225.jpg 300w, https:\/\/agora.xtec.cat\/ceip-taquigraf-garriga\/wp-content\/uploads\/usu853\/2018\/03\/SGAG1008-768x576.jpg 768w, https:\/\/agora.xtec.cat\/ceip-taquigraf-garriga\/wp-content\/uploads\/usu853\/2018\/03\/SGAG1008-1024x768.jpg 1024w, https:\/\/agora.xtec.cat\/ceip-taquigraf-garriga\/wp-content\/uploads\/usu853\/2018\/03\/SGAG1008-200x150.jpg 200w, https:\/\/agora.xtec.cat\/ceip-taquigraf-garriga\/wp-content\/uploads\/usu853\/2018\/03\/SGAG1008.jpg 1440w\" sizes=\"auto, (max-width: 300px) 100vw, 300px\" \/><\/a><\/p>\n<h2>Dia 5:<\/h2>\n<p>Ja havia arribat l\u2019\u00faltim dia! Pel mat\u00ed ja ho ten\u00edem tot preparat per marxar. Despr\u00e9s d\u2019esmorzar vam fer l\u2019\u00faltima esquiada amb els nostres companys i monitors. Gaud\u00edrem al m\u00e0xim ja que molts no tindr\u00edem l\u2019oportunitat de tornar a esquiar. A l\u2019acabar d\u2019esquiar vam tornar tot l\u2019equipament, i seguidament, tocava agafar forces per la tornada. Despr\u00e9s de dinar v\u00e0rem carregar totes les maletes a l\u2019autocar i ens prepar\u00e0vem per tornar a casa. Els pares i mares ens van rebre a la porta de l\u2019escola amb moltes abra\u00e7ades i petons de tant que ens havien trobat a faltar!<\/p>\n<p>En definitiva van ser uns dies espectaculars, ens ho vam passar molt b\u00e9 i hem tornat tots sent m\u00e9s amics i m\u00e9s bons companys!<\/p>\n<p>Esperem que us hagi agradat aquest reportatge!<\/p>\n","protected":false},"excerpt":{"rendered":"<p>Ja teniu aqu\u00ed el nostre reportatge dia per dia! Dia 1: A les nou del mat\u00ed, an\u00e0vem tots a l\u2019escola molt entusiasmats per anar de col\u00f2nies, ja ven\u00edem preparats per esquiar amb tot l\u2019equipatge. L\u2019autob\u00fas va arribar all\u00e0 de les nou i mitja, i tots vam posar les nostres maletes per pujar-hi. El primer dia [&hellip;]<\/p>\n","protected":false},"author":1,"featured_media":9311,"comment_status":"open","ping_status":"closed","sticky":false,"template":"","format":"standard","meta":{"_bbp_topic_count":0,"_bbp_reply_count":0,"_bbp_total_topic_count":0,"_bbp_total_reply_count":0,"_bbp_voice_count":0,"_bbp_anonymous_reply_count":0,"_bbp_topic_count_hidden":0,"_bbp_reply_count_hidden":0,"_bbp_forum_subforum_count":0,"site-sidebar-layout":"default","site-content-layout":"","ast-site-content-layout":"","site-content-style":"default","site-sidebar-style":"default","ast-global-header-display":"","ast-banner-title-visibility":"","ast-main-header-display":"","ast-hfb-above-header-display":"","ast-hfb-below-header-display":"","ast-hfb-mobile-header-display":"","site-post-title":"","ast-breadcrumbs-content":"","ast-featured-img":"","footer-sml-layout":"","theme-transparent-header-meta":"","adv-header-id-meta":"","stick-header-meta":"","header-above-stick-meta":"","header-main-stick-meta":"","header-below-stick-meta":"","astra-migrate-meta-layouts":"default","ast-page-background-enabled":"default","ast-page-background-meta":{"desktop":{"background-color":"var(--ast-global-color-4)","background-image":"","background-repeat":"repeat","background-position":"center center","background-size":"auto","background-attachment":"scroll","background-type":"","background-media":"","overlay-type":"","overlay-color":"","overlay-opacity":"","overlay-gradient":""},"tablet":{"background-color":"","background-image":"","background-repeat":"repeat","background-position":"center center","background-size":"auto","background-attachment":"scroll","background-type":"","background-media":"","overlay-type":"","overlay-color":"","overlay-opacity":"","overlay-gradient":""},"mobile":{"background-color":"","background-image":"","background-repeat":"repeat","background-position":"center center","background-size":"auto","background-attachment":"scroll","background-type":"","background-media":"","overlay-type":"","overlay-color":"","overlay-opacity":"","overlay-gradient":""}},"ast-content-background-meta":{"desktop":{"background-color":"var(--ast-global-color-5)","background-image":"","background-repeat":"repeat","background-position":"center center","background-size":"auto","background-attachment":"scroll","background-type":"","background-media":"","overlay-type":"","overlay-color":"","overlay-opacity":"","overlay-gradient":""},"tablet":{"background-color":"var(--ast-global-color-5)","background-image":"","background-repeat":"repeat","background-position":"center center","background-size":"auto","background-attachment":"scroll","background-type":"","background-media":"","overlay-type":"","overlay-color":"","overlay-opacity":"","overlay-gradient":""},"mobile":{"background-color":"var(--ast-global-color-5)","background-image":"","background-repeat":"repeat","background-position":"center center","background-size":"auto","background-attachment":"scroll","background-type":"","background-media":"","overlay-type":"","overlay-color":"","overlay-opacity":"","overlay-gradient":""}},"footnotes":""},"categories":[142,1,4],"tags":[117,131,162,63],"class_list":["post-9310","post","type-post","status-publish","format-standard","has-post-thumbnail","hentry","category-6e-primaria","category-general","category-portada","tag-6e","tag-colonies","tag-esquiada","tag-periodistes"],"post_mailing_queue_ids":[],"_links":{"self":[{"href":"https:\/\/agora.xtec.cat\/ceip-taquigraf-garriga\/wp-json\/wp\/v2\/posts\/9310","targetHints":{"allow":["GET"]}}],"collection":[{"href":"https:\/\/agora.xtec.cat\/ceip-taquigraf-garriga\/wp-json\/wp\/v2\/posts"}],"about":[{"href":"https:\/\/agora.xtec.cat\/ceip-taquigraf-garriga\/wp-json\/wp\/v2\/types\/post"}],"author":[{"embeddable":true,"href":"https:\/\/agora.xtec.cat\/ceip-taquigraf-garriga\/wp-json\/wp\/v2\/users\/1"}],"replies":[{"embeddable":true,"href":"https:\/\/agora.xtec.cat\/ceip-taquigraf-garriga\/wp-json\/wp\/v2\/comments?post=9310"}],"version-history":[{"count":2,"href":"https:\/\/agora.xtec.cat\/ceip-taquigraf-garriga\/wp-json\/wp\/v2\/posts\/9310\/revisions"}],"predecessor-version":[{"id":9317,"href":"https:\/\/agora.xtec.cat\/ceip-taquigraf-garriga\/wp-json\/wp\/v2\/posts\/9310\/revisions\/9317"}],"wp:featuredmedia":[{"embeddable":true,"href":"https:\/\/agora.xtec.cat\/ceip-taquigraf-garriga\/wp-json\/wp\/v2\/media\/9311"}],"wp:attachment":[{"href":"https:\/\/agora.xtec.cat\/ceip-taquigraf-garriga\/wp-json\/wp\/v2\/media?parent=9310"}],"wp:term":[{"taxonomy":"category","embeddable":true,"href":"https:\/\/agora.xtec.cat\/ceip-taquigraf-garriga\/wp-json\/wp\/v2\/categories?post=9310"},{"taxonomy":"post_tag","embeddable":true,"href":"https:\/\/agora.xtec.cat\/ceip-taquigraf-garriga\/wp-json\/wp\/v2\/tags?post=9310"}],"curies":[{"name":"wp","href":"https:\/\/api.w.org\/{rel}","templated":true}]}}