{"id":9212,"date":"2018-02-15T13:47:29","date_gmt":"2018-02-15T12:47:29","guid":{"rendered":"http:\/\/agora.xtec.cat\/ceip-taquigraf-garriga\/?p=9212"},"modified":"2018-02-15T13:48:24","modified_gmt":"2018-02-15T12:48:24","slug":"la-revista-chic","status":"publish","type":"post","link":"https:\/\/agora.xtec.cat\/ceip-taquigraf-garriga\/general\/la-revista-chic\/","title":{"rendered":"LA REVISTA CHIC"},"content":{"rendered":"<h2>LES REVISTES D\u2019ALGUNES NOIES DE 6\u00c8 C<\/h2>\n<p>Algunes noies de 6\u00e8 C ja fa m\u00e9s de tres anys que editen una revista per la seva classe amb diferents seccions i not\u00edcies d\u2019inter\u00e8s local o incl\u00fas de nivell internacional.<\/p>\n<p>Aquesta revista va ser creada per l\u2019Elsa, la Leire, la Noelia, la Lara i la Vladanka.<\/p>\n<p><a href=\"http:\/\/agora.xtec.cat\/ceip-taquigraf-garriga\/wp-content\/uploads\/usu853\/2018\/02\/REVISTA-CHIC.jpg\"><img loading=\"lazy\" decoding=\"async\" class=\"size-medium wp-image-9227 alignleft\" src=\"http:\/\/agora.xtec.cat\/ceip-taquigraf-garriga\/wp-content\/uploads\/usu853\/2018\/02\/REVISTA-CHIC-300x225.jpg\" alt=\"\" width=\"300\" height=\"225\" srcset=\"https:\/\/agora.xtec.cat\/ceip-taquigraf-garriga\/wp-content\/uploads\/usu853\/2018\/02\/REVISTA-CHIC-300x225.jpg 300w, https:\/\/agora.xtec.cat\/ceip-taquigraf-garriga\/wp-content\/uploads\/usu853\/2018\/02\/REVISTA-CHIC-768x576.jpg 768w, https:\/\/agora.xtec.cat\/ceip-taquigraf-garriga\/wp-content\/uploads\/usu853\/2018\/02\/REVISTA-CHIC-1024x768.jpg 1024w, https:\/\/agora.xtec.cat\/ceip-taquigraf-garriga\/wp-content\/uploads\/usu853\/2018\/02\/REVISTA-CHIC-200x150.jpg 200w, https:\/\/agora.xtec.cat\/ceip-taquigraf-garriga\/wp-content\/uploads\/usu853\/2018\/02\/REVISTA-CHIC.jpg 1440w\" sizes=\"auto, (max-width: 300px) 100vw, 300px\" \/><\/a>\u201cVam fer aquesta revista perqu\u00e8 un dia a tercer a l\u2019hora del pati est\u00e0vem avorrides, i a l\u2019Elsa se li va acudir aquesta idea, i des d\u2019aquell moment va n\u00e9ixer la revista Chic\u201d comenta la Vladanka.<\/p>\n<p>\u201cEns vam inspirar en la p\u00e0gina de curiositats d\u2019una revista que es diu \u201cPronto\u201d, on la meva mare hi escriu articles\u201d explic\u00e0 la Noelia.<\/p>\n<p>La revista compta amb una mascota, que \u00e9s un unicorn anomenat Uni Chic. Aquest nom va ser escollit per tots els lectors d\u2019aquesta revista, els nens i nenes de 6\u00e8 C que estan sempre molt encuriosits i motivats per llegir-la quan arriba el moment de publicar-la.<\/p>\n<p>\u201cA les \u00faltimes publicacions hem hagut d\u2019adjuntar una llista amb l\u2019ordre de lectura de tots els companys de classe perqu\u00e8 ens hav\u00edem trobat que en alguns moments hi havia algunes petites discussions sobre qui anava primer. Aix\u00ed que vam resoldre aquest problema\u201d explica l\u2019Elsa en l\u2019entrevista.<\/p>\n<p>Pel que es pot veure, en aquesta revista hi podem trobar \u00a0diferents seccions:<\/p>\n<ul>\n<li>Entrevistes<\/li>\n<li>Concursos<\/li>\n<li>Not\u00edcies i Curiositats<\/li>\n<li>Entreteniments<\/li>\n<li>Seccions tem\u00e0tiques<\/li>\n<li>Manualitats per fer a casa.<\/li>\n<\/ul>\n<p>Les revistes les realitzen de manera manual, i sovint demanen estones a les hores del pati o en altres moments per anar realitzant. Tamb\u00e9 els moments de tutoria s\u00f3n els destinats en presentar les noves edicions o presentar els diferents concursos que s\u2019hi fan (dibuixos, manualitats, etc).<\/p>\n<p><a href=\"http:\/\/agora.xtec.cat\/ceip-taquigraf-garriga\/wp-content\/uploads\/usu853\/2018\/02\/IMG_0508.jpg\"><img loading=\"lazy\" decoding=\"async\" class=\"aligncenter size-medium wp-image-9223\" src=\"http:\/\/agora.xtec.cat\/ceip-taquigraf-garriga\/wp-content\/uploads\/usu853\/2018\/02\/IMG_0508-300x225.jpg\" alt=\"\" width=\"300\" height=\"225\" srcset=\"https:\/\/agora.xtec.cat\/ceip-taquigraf-garriga\/wp-content\/uploads\/usu853\/2018\/02\/IMG_0508-300x225.jpg 300w, https:\/\/agora.xtec.cat\/ceip-taquigraf-garriga\/wp-content\/uploads\/usu853\/2018\/02\/IMG_0508-768x576.jpg 768w, https:\/\/agora.xtec.cat\/ceip-taquigraf-garriga\/wp-content\/uploads\/usu853\/2018\/02\/IMG_0508-1024x768.jpg 1024w, https:\/\/agora.xtec.cat\/ceip-taquigraf-garriga\/wp-content\/uploads\/usu853\/2018\/02\/IMG_0508-200x150.jpg 200w, https:\/\/agora.xtec.cat\/ceip-taquigraf-garriga\/wp-content\/uploads\/usu853\/2018\/02\/IMG_0508.jpg 1440w\" sizes=\"auto, (max-width: 300px) 100vw, 300px\" \/><\/a><\/p>\n","protected":false},"excerpt":{"rendered":"<p>LES REVISTES D\u2019ALGUNES NOIES DE 6\u00c8 C Algunes noies de 6\u00e8 C ja fa m\u00e9s de tres anys que editen una revista per la seva classe amb diferents seccions i not\u00edcies d\u2019inter\u00e8s local o incl\u00fas de nivell internacional. Aquesta revista va ser creada per l\u2019Elsa, la Leire, la Noelia, la Lara i la Vladanka. \u201cVam [&hellip;]<\/p>\n","protected":false},"author":1,"featured_media":9223,"comment_status":"open","ping_status":"closed","sticky":false,"template":"","format":"standard","meta":{"_bbp_topic_count":0,"_bbp_reply_count":0,"_bbp_total_topic_count":0,"_bbp_total_reply_count":0,"_bbp_voice_count":0,"_bbp_anonymous_reply_count":0,"_bbp_topic_count_hidden":0,"_bbp_reply_count_hidden":0,"_bbp_forum_subforum_count":0,"site-sidebar-layout":"default","site-content-layout":"","ast-site-content-layout":"","site-content-style":"default","site-sidebar-style":"default","ast-global-header-display":"","ast-banner-title-visibility":"","ast-main-header-display":"","ast-hfb-above-header-display":"","ast-hfb-below-header-display":"","ast-hfb-mobile-header-display":"","site-post-title":"","ast-breadcrumbs-content":"","ast-featured-img":"","footer-sml-layout":"","theme-transparent-header-meta":"","adv-header-id-meta":"","stick-header-meta":"","header-above-stick-meta":"","header-main-stick-meta":"","header-below-stick-meta":"","astra-migrate-meta-layouts":"default","ast-page-background-enabled":"default","ast-page-background-meta":{"desktop":{"background-color":"var(--ast-global-color-4)","background-image":"","background-repeat":"repeat","background-position":"center center","background-size":"auto","background-attachment":"scroll","background-type":"","background-media":"","overlay-type":"","overlay-color":"","overlay-opacity":"","overlay-gradient":""},"tablet":{"background-color":"","background-image":"","background-repeat":"repeat","background-position":"center center","background-size":"auto","background-attachment":"scroll","background-type":"","background-media":"","overlay-type":"","overlay-color":"","overlay-opacity":"","overlay-gradient":""},"mobile":{"background-color":"","background-image":"","background-repeat":"repeat","background-position":"center center","background-size":"auto","background-attachment":"scroll","background-type":"","background-media":"","overlay-type":"","overlay-color":"","overlay-opacity":"","overlay-gradient":""}},"ast-content-background-meta":{"desktop":{"background-color":"var(--ast-global-color-5)","background-image":"","background-repeat":"repeat","background-position":"center center","background-size":"auto","background-attachment":"scroll","background-type":"","background-media":"","overlay-type":"","overlay-color":"","overlay-opacity":"","overlay-gradient":""},"tablet":{"background-color":"var(--ast-global-color-5)","background-image":"","background-repeat":"repeat","background-position":"center center","background-size":"auto","background-attachment":"scroll","background-type":"","background-media":"","overlay-type":"","overlay-color":"","overlay-opacity":"","overlay-gradient":""},"mobile":{"background-color":"var(--ast-global-color-5)","background-image":"","background-repeat":"repeat","background-position":"center center","background-size":"auto","background-attachment":"scroll","background-type":"","background-media":"","overlay-type":"","overlay-color":"","overlay-opacity":"","overlay-gradient":""}},"footnotes":""},"categories":[142,1,4],"tags":[117,151,160,63,159],"class_list":["post-9212","post","type-post","status-publish","format-standard","has-post-thumbnail","hentry","category-6e-primaria","category-general","category-portada","tag-6e","tag-alumnes","tag-chic","tag-periodistes","tag-revista"],"post_mailing_queue_ids":[],"_links":{"self":[{"href":"https:\/\/agora.xtec.cat\/ceip-taquigraf-garriga\/wp-json\/wp\/v2\/posts\/9212","targetHints":{"allow":["GET"]}}],"collection":[{"href":"https:\/\/agora.xtec.cat\/ceip-taquigraf-garriga\/wp-json\/wp\/v2\/posts"}],"about":[{"href":"https:\/\/agora.xtec.cat\/ceip-taquigraf-garriga\/wp-json\/wp\/v2\/types\/post"}],"author":[{"embeddable":true,"href":"https:\/\/agora.xtec.cat\/ceip-taquigraf-garriga\/wp-json\/wp\/v2\/users\/1"}],"replies":[{"embeddable":true,"href":"https:\/\/agora.xtec.cat\/ceip-taquigraf-garriga\/wp-json\/wp\/v2\/comments?post=9212"}],"version-history":[{"count":2,"href":"https:\/\/agora.xtec.cat\/ceip-taquigraf-garriga\/wp-json\/wp\/v2\/posts\/9212\/revisions"}],"predecessor-version":[{"id":9232,"href":"https:\/\/agora.xtec.cat\/ceip-taquigraf-garriga\/wp-json\/wp\/v2\/posts\/9212\/revisions\/9232"}],"wp:featuredmedia":[{"embeddable":true,"href":"https:\/\/agora.xtec.cat\/ceip-taquigraf-garriga\/wp-json\/wp\/v2\/media\/9223"}],"wp:attachment":[{"href":"https:\/\/agora.xtec.cat\/ceip-taquigraf-garriga\/wp-json\/wp\/v2\/media?parent=9212"}],"wp:term":[{"taxonomy":"category","embeddable":true,"href":"https:\/\/agora.xtec.cat\/ceip-taquigraf-garriga\/wp-json\/wp\/v2\/categories?post=9212"},{"taxonomy":"post_tag","embeddable":true,"href":"https:\/\/agora.xtec.cat\/ceip-taquigraf-garriga\/wp-json\/wp\/v2\/tags?post=9212"}],"curies":[{"name":"wp","href":"https:\/\/api.w.org\/{rel}","templated":true}]}}