{"id":9180,"date":"2018-02-06T13:16:56","date_gmt":"2018-02-06T12:16:56","guid":{"rendered":"http:\/\/agora.xtec.cat\/ceip-taquigraf-garriga\/?p=9180"},"modified":"2018-02-15T13:32:09","modified_gmt":"2018-02-15T12:32:09","slug":"el-taqui-esta-de-festa","status":"publish","type":"post","link":"https:\/\/agora.xtec.cat\/ceip-taquigraf-garriga\/general\/el-taqui-esta-de-festa\/","title":{"rendered":"EL TAQUI EST\u00c0 DE FESTA!"},"content":{"rendered":"<h2>Ja est\u00e0 aqu\u00ed, per fi ha arribat! La setmana del 5 al 9 de febrer est\u00e0 sent carnaval al Taqui!<\/h2>\n<p>El carnestoltes va arribar el divendres dia 2 i per la tarda i va donar el preg\u00f3. I hem anat complint les seves consignes i hem aconseguit que no s\u2019hagi d\u2019enfadar.<\/p>\n<p>El dilluns v\u00e0rem portar algun element que estigu\u00e9s relacionat amb la terra.<\/p>\n<p>El dimarts hem hagut de dur alguna cosa relacionada amb l&#8217;aigua.<\/p>\n<p>El dimecres portarem una cosa relacionada amb l\u2019aire, i dijous durem una cosa relacionada amb el foc.<\/p>\n<p>I el divendres&#8230; ens disfressarem!<\/p>\n<p>Els ajudants del carnestoltes s\u00f3n el nois de la classe dels somnis i uns nois de 6\u00e8 que van per les classes per comprovar qui ha complert les consignes, i si no ho ha fet, amb la cara pintada o un gomet de penyora ho pagar\u00e0!<\/p>\n<p>Pel divendres hi haur\u00e0 premis a la disfressa m\u00e9s divertida, a la millor comparsa, a la disfressa m\u00e9s sostenible i a la m\u00e9s original.<\/p>\n<p>Segurament que ens ho passarem d\u2019all\u00f2 m\u00e9s b\u00e9! Haureu de seguir atents a la nostra p\u00e0gina web per saber qui seran els guanyadors dels premis!<\/p>\n<p><a href=\"http:\/\/agora.xtec.cat\/ceip-taquigraf-garriga\/wp-content\/uploads\/usu853\/2018\/02\/foto-carnestoltes-taqui-2.jpg\"><img loading=\"lazy\" decoding=\"async\" class=\"aligncenter size-medium wp-image-9182\" src=\"http:\/\/agora.xtec.cat\/ceip-taquigraf-garriga\/wp-content\/uploads\/usu853\/2018\/02\/foto-carnestoltes-taqui-2-300x225.jpg\" alt=\"\" width=\"300\" height=\"225\" srcset=\"https:\/\/agora.xtec.cat\/ceip-taquigraf-garriga\/wp-content\/uploads\/usu853\/2018\/02\/foto-carnestoltes-taqui-2-300x225.jpg 300w, https:\/\/agora.xtec.cat\/ceip-taquigraf-garriga\/wp-content\/uploads\/usu853\/2018\/02\/foto-carnestoltes-taqui-2-768x576.jpg 768w, https:\/\/agora.xtec.cat\/ceip-taquigraf-garriga\/wp-content\/uploads\/usu853\/2018\/02\/foto-carnestoltes-taqui-2-1024x768.jpg 1024w, https:\/\/agora.xtec.cat\/ceip-taquigraf-garriga\/wp-content\/uploads\/usu853\/2018\/02\/foto-carnestoltes-taqui-2-200x150.jpg 200w, https:\/\/agora.xtec.cat\/ceip-taquigraf-garriga\/wp-content\/uploads\/usu853\/2018\/02\/foto-carnestoltes-taqui-2.jpg 1200w\" sizes=\"auto, (max-width: 300px) 100vw, 300px\" \/><\/a><\/p>\n","protected":false},"excerpt":{"rendered":"<p>Ja est\u00e0 aqu\u00ed, per fi ha arribat! La setmana del 5 al 9 de febrer est\u00e0 sent carnaval al Taqui! El carnestoltes va arribar el divendres dia 2 i per la tarda i va donar el preg\u00f3. I hem anat complint les seves consignes i hem aconseguit que no s\u2019hagi d\u2019enfadar. El dilluns v\u00e0rem portar [&hellip;]<\/p>\n","protected":false},"author":1,"featured_media":9182,"comment_status":"open","ping_status":"closed","sticky":false,"template":"","format":"standard","meta":{"_bbp_topic_count":0,"_bbp_reply_count":0,"_bbp_total_topic_count":0,"_bbp_total_reply_count":0,"_bbp_voice_count":0,"_bbp_anonymous_reply_count":0,"_bbp_topic_count_hidden":0,"_bbp_reply_count_hidden":0,"_bbp_forum_subforum_count":0,"site-sidebar-layout":"default","site-content-layout":"","ast-site-content-layout":"","site-content-style":"default","site-sidebar-style":"default","ast-global-header-display":"","ast-banner-title-visibility":"","ast-main-header-display":"","ast-hfb-above-header-display":"","ast-hfb-below-header-display":"","ast-hfb-mobile-header-display":"","site-post-title":"","ast-breadcrumbs-content":"","ast-featured-img":"","footer-sml-layout":"","theme-transparent-header-meta":"","adv-header-id-meta":"","stick-header-meta":"","header-above-stick-meta":"","header-main-stick-meta":"","header-below-stick-meta":"","astra-migrate-meta-layouts":"default","ast-page-background-enabled":"default","ast-page-background-meta":{"desktop":{"background-color":"var(--ast-global-color-4)","background-image":"","background-repeat":"repeat","background-position":"center center","background-size":"auto","background-attachment":"scroll","background-type":"","background-media":"","overlay-type":"","overlay-color":"","overlay-opacity":"","overlay-gradient":""},"tablet":{"background-color":"","background-image":"","background-repeat":"repeat","background-position":"center center","background-size":"auto","background-attachment":"scroll","background-type":"","background-media":"","overlay-type":"","overlay-color":"","overlay-opacity":"","overlay-gradient":""},"mobile":{"background-color":"","background-image":"","background-repeat":"repeat","background-position":"center center","background-size":"auto","background-attachment":"scroll","background-type":"","background-media":"","overlay-type":"","overlay-color":"","overlay-opacity":"","overlay-gradient":""}},"ast-content-background-meta":{"desktop":{"background-color":"var(--ast-global-color-5)","background-image":"","background-repeat":"repeat","background-position":"center center","background-size":"auto","background-attachment":"scroll","background-type":"","background-media":"","overlay-type":"","overlay-color":"","overlay-opacity":"","overlay-gradient":""},"tablet":{"background-color":"var(--ast-global-color-5)","background-image":"","background-repeat":"repeat","background-position":"center center","background-size":"auto","background-attachment":"scroll","background-type":"","background-media":"","overlay-type":"","overlay-color":"","overlay-opacity":"","overlay-gradient":""},"mobile":{"background-color":"var(--ast-global-color-5)","background-image":"","background-repeat":"repeat","background-position":"center center","background-size":"auto","background-attachment":"scroll","background-type":"","background-media":"","overlay-type":"","overlay-color":"","overlay-opacity":"","overlay-gradient":""}},"footnotes":""},"categories":[142,1,2,4],"tags":[],"class_list":["post-9180","post","type-post","status-publish","format-standard","has-post-thumbnail","hentry","category-6e-primaria","category-general","category-petits","category-portada"],"post_mailing_queue_ids":[],"_links":{"self":[{"href":"https:\/\/agora.xtec.cat\/ceip-taquigraf-garriga\/wp-json\/wp\/v2\/posts\/9180","targetHints":{"allow":["GET"]}}],"collection":[{"href":"https:\/\/agora.xtec.cat\/ceip-taquigraf-garriga\/wp-json\/wp\/v2\/posts"}],"about":[{"href":"https:\/\/agora.xtec.cat\/ceip-taquigraf-garriga\/wp-json\/wp\/v2\/types\/post"}],"author":[{"embeddable":true,"href":"https:\/\/agora.xtec.cat\/ceip-taquigraf-garriga\/wp-json\/wp\/v2\/users\/1"}],"replies":[{"embeddable":true,"href":"https:\/\/agora.xtec.cat\/ceip-taquigraf-garriga\/wp-json\/wp\/v2\/comments?post=9180"}],"version-history":[{"count":1,"href":"https:\/\/agora.xtec.cat\/ceip-taquigraf-garriga\/wp-json\/wp\/v2\/posts\/9180\/revisions"}],"predecessor-version":[{"id":9183,"href":"https:\/\/agora.xtec.cat\/ceip-taquigraf-garriga\/wp-json\/wp\/v2\/posts\/9180\/revisions\/9183"}],"wp:featuredmedia":[{"embeddable":true,"href":"https:\/\/agora.xtec.cat\/ceip-taquigraf-garriga\/wp-json\/wp\/v2\/media\/9182"}],"wp:attachment":[{"href":"https:\/\/agora.xtec.cat\/ceip-taquigraf-garriga\/wp-json\/wp\/v2\/media?parent=9180"}],"wp:term":[{"taxonomy":"category","embeddable":true,"href":"https:\/\/agora.xtec.cat\/ceip-taquigraf-garriga\/wp-json\/wp\/v2\/categories?post=9180"},{"taxonomy":"post_tag","embeddable":true,"href":"https:\/\/agora.xtec.cat\/ceip-taquigraf-garriga\/wp-json\/wp\/v2\/tags?post=9180"}],"curies":[{"name":"wp","href":"https:\/\/api.w.org\/{rel}","templated":true}]}}