{"id":9153,"date":"2017-11-28T13:03:20","date_gmt":"2017-11-28T12:03:20","guid":{"rendered":"http:\/\/agora.xtec.cat\/ceip-taquigraf-garriga\/?p=9153"},"modified":"2017-12-12T10:31:48","modified_gmt":"2017-12-12T09:31:48","slug":"la-veu-dels-alumnes","status":"publish","type":"post","link":"https:\/\/agora.xtec.cat\/ceip-taquigraf-garriga\/general\/la-veu-dels-alumnes\/","title":{"rendered":"LA VEU DELS ALUMNES"},"content":{"rendered":"<h2>Durant aquest primer trimestre, els delegats de cada classe s&#8217;han anat trobant de manera ocasional amb membres de l&#8217;equip directiu per debatre aspectes rellevants del centre.<\/h2>\n<p><a href=\"http:\/\/agora.xtec.cat\/ceip-taquigraf-garriga\/wp-content\/uploads\/usu853\/2017\/11\/REUNI\u00d3-DELEGATS-Large-e1511870542523.jpg\"><img loading=\"lazy\" decoding=\"async\" class=\"aligncenter wp-image-9154\" src=\"http:\/\/agora.xtec.cat\/ceip-taquigraf-garriga\/wp-content\/uploads\/usu853\/2017\/11\/REUNI\u00d3-DELEGATS-Large-e1511870542523-300x175.jpg\" alt=\"\" width=\"566\" height=\"330\" srcset=\"https:\/\/agora.xtec.cat\/ceip-taquigraf-garriga\/wp-content\/uploads\/usu853\/2017\/11\/REUNI\u00d3-DELEGATS-Large-e1511870542523-300x175.jpg 300w, https:\/\/agora.xtec.cat\/ceip-taquigraf-garriga\/wp-content\/uploads\/usu853\/2017\/11\/REUNI\u00d3-DELEGATS-Large-e1511870542523-768x447.jpg 768w, https:\/\/agora.xtec.cat\/ceip-taquigraf-garriga\/wp-content\/uploads\/usu853\/2017\/11\/REUNI\u00d3-DELEGATS-Large-e1511870542523-1024x596.jpg 1024w, https:\/\/agora.xtec.cat\/ceip-taquigraf-garriga\/wp-content\/uploads\/usu853\/2017\/11\/REUNI\u00d3-DELEGATS-Large-e1511870542523.jpg 1856w\" sizes=\"auto, (max-width: 566px) 100vw, 566px\" \/><\/a><\/p>\n<p>Aquestes reunions es duen a terme els dimarts d&#8217;11 a 11:30h, i cada classe exposa els acords que han arribat dels diferents temes proposats i es prenen decisions conjuntes.<\/p>\n<p>Aquest comen\u00e7ament de curs han estat debatent sobre coses bastant importants que estan costant molt per arribar a una decisi\u00f3; qu\u00e8 fer i no fer en cada cas.<\/p>\n<p>Alguns dels temes que han parlat s\u00f3n del PATI i de la BIBLIOTECA:<\/p>\n<p>Del pati han estat\u00a0 parlant del\u00a0 material de la caseta, i de la biblioteca, han estat parlant dels dies que es podria obrir la biblioteca per anar a llegir.<\/p>\n<p>Encara no s\u2019ha decidit res en concret, aix\u00ed que els alumnes estem esperant a que es prengui les decisions en properes reunions de delegats.<\/p>\n<p>Aquest any els delegats d\u2019aquest trimestre s\u00f3n:<\/p>\n<ul>\n<li>6\u00e8: Paula i Francesc, Berta i l Bilal , Elsa i Edu.<\/li>\n<li>5\u00e8 Xavier i Rosa, Ana S. i Laia .<\/li>\n<li>4t Ferran i Luc\u00eda R, Mara i\u00a0 Dar\u00edo.<\/li>\n<li>3r Arnau i\u00a0 Max,\u00a0 Sandra i \u00a0Erik .J .<\/li>\n<li>2n Marina i\u00a0 Isidro,\u00a0 Lucia A. i Joel.<\/li>\n<li>1r Hugo i Alessandra,\u00a0 Bruno i Laia.<\/li>\n<\/ul>\n<p>I de l&#8217;equip directiu est\u00e0 el Victor, l\u2019Anna Maria i el Toni.<\/p>\n<p>Quan ens informin de les decisions preses ja us les farem arribar a trav\u00e9s de la web! Estigueu atents!<\/p>\n","protected":false},"excerpt":{"rendered":"<p>Durant aquest primer trimestre, els delegats de cada classe s&#8217;han anat trobant de manera ocasional amb membres de l&#8217;equip directiu per debatre aspectes rellevants del centre. Aquestes reunions es duen a terme els dimarts d&#8217;11 a 11:30h, i cada classe exposa els acords que han arribat dels diferents temes proposats i es prenen decisions conjuntes. [&hellip;]<\/p>\n","protected":false},"author":1,"featured_media":9154,"comment_status":"open","ping_status":"closed","sticky":false,"template":"","format":"standard","meta":{"_bbp_topic_count":0,"_bbp_reply_count":0,"_bbp_total_topic_count":0,"_bbp_total_reply_count":0,"_bbp_voice_count":0,"_bbp_anonymous_reply_count":0,"_bbp_topic_count_hidden":0,"_bbp_reply_count_hidden":0,"_bbp_forum_subforum_count":0,"site-sidebar-layout":"default","site-content-layout":"","ast-site-content-layout":"","site-content-style":"default","site-sidebar-style":"default","ast-global-header-display":"","ast-banner-title-visibility":"","ast-main-header-display":"","ast-hfb-above-header-display":"","ast-hfb-below-header-display":"","ast-hfb-mobile-header-display":"","site-post-title":"","ast-breadcrumbs-content":"","ast-featured-img":"","footer-sml-layout":"","theme-transparent-header-meta":"","adv-header-id-meta":"","stick-header-meta":"","header-above-stick-meta":"","header-main-stick-meta":"","header-below-stick-meta":"","astra-migrate-meta-layouts":"default","ast-page-background-enabled":"default","ast-page-background-meta":{"desktop":{"background-color":"var(--ast-global-color-4)","background-image":"","background-repeat":"repeat","background-position":"center center","background-size":"auto","background-attachment":"scroll","background-type":"","background-media":"","overlay-type":"","overlay-color":"","overlay-opacity":"","overlay-gradient":""},"tablet":{"background-color":"","background-image":"","background-repeat":"repeat","background-position":"center center","background-size":"auto","background-attachment":"scroll","background-type":"","background-media":"","overlay-type":"","overlay-color":"","overlay-opacity":"","overlay-gradient":""},"mobile":{"background-color":"","background-image":"","background-repeat":"repeat","background-position":"center center","background-size":"auto","background-attachment":"scroll","background-type":"","background-media":"","overlay-type":"","overlay-color":"","overlay-opacity":"","overlay-gradient":""}},"ast-content-background-meta":{"desktop":{"background-color":"var(--ast-global-color-5)","background-image":"","background-repeat":"repeat","background-position":"center center","background-size":"auto","background-attachment":"scroll","background-type":"","background-media":"","overlay-type":"","overlay-color":"","overlay-opacity":"","overlay-gradient":""},"tablet":{"background-color":"var(--ast-global-color-5)","background-image":"","background-repeat":"repeat","background-position":"center center","background-size":"auto","background-attachment":"scroll","background-type":"","background-media":"","overlay-type":"","overlay-color":"","overlay-opacity":"","overlay-gradient":""},"mobile":{"background-color":"var(--ast-global-color-5)","background-image":"","background-repeat":"repeat","background-position":"center center","background-size":"auto","background-attachment":"scroll","background-type":"","background-media":"","overlay-type":"","overlay-color":"","overlay-opacity":"","overlay-gradient":""}},"footnotes":""},"categories":[10,11,12,13,14,142,1,4],"tags":[117,148,63],"class_list":["post-9153","post","type-post","status-publish","format-standard","has-post-thumbnail","hentry","category-1r","category-2n","category-3r","category-4t","category-5e","category-6e-primaria","category-general","category-portada","tag-6e","tag-delegats","tag-periodistes"],"post_mailing_queue_ids":[],"_links":{"self":[{"href":"https:\/\/agora.xtec.cat\/ceip-taquigraf-garriga\/wp-json\/wp\/v2\/posts\/9153","targetHints":{"allow":["GET"]}}],"collection":[{"href":"https:\/\/agora.xtec.cat\/ceip-taquigraf-garriga\/wp-json\/wp\/v2\/posts"}],"about":[{"href":"https:\/\/agora.xtec.cat\/ceip-taquigraf-garriga\/wp-json\/wp\/v2\/types\/post"}],"author":[{"embeddable":true,"href":"https:\/\/agora.xtec.cat\/ceip-taquigraf-garriga\/wp-json\/wp\/v2\/users\/1"}],"replies":[{"embeddable":true,"href":"https:\/\/agora.xtec.cat\/ceip-taquigraf-garriga\/wp-json\/wp\/v2\/comments?post=9153"}],"version-history":[{"count":3,"href":"https:\/\/agora.xtec.cat\/ceip-taquigraf-garriga\/wp-json\/wp\/v2\/posts\/9153\/revisions"}],"predecessor-version":[{"id":9168,"href":"https:\/\/agora.xtec.cat\/ceip-taquigraf-garriga\/wp-json\/wp\/v2\/posts\/9153\/revisions\/9168"}],"wp:featuredmedia":[{"embeddable":true,"href":"https:\/\/agora.xtec.cat\/ceip-taquigraf-garriga\/wp-json\/wp\/v2\/media\/9154"}],"wp:attachment":[{"href":"https:\/\/agora.xtec.cat\/ceip-taquigraf-garriga\/wp-json\/wp\/v2\/media?parent=9153"}],"wp:term":[{"taxonomy":"category","embeddable":true,"href":"https:\/\/agora.xtec.cat\/ceip-taquigraf-garriga\/wp-json\/wp\/v2\/categories?post=9153"},{"taxonomy":"post_tag","embeddable":true,"href":"https:\/\/agora.xtec.cat\/ceip-taquigraf-garriga\/wp-json\/wp\/v2\/tags?post=9153"}],"curies":[{"name":"wp","href":"https:\/\/api.w.org\/{rel}","templated":true}]}}