{"id":9130,"date":"2017-11-07T13:19:57","date_gmt":"2017-11-07T12:19:57","guid":{"rendered":"http:\/\/agora.xtec.cat\/ceip-taquigraf-garriga\/?p=9130"},"modified":"2017-11-07T13:19:57","modified_gmt":"2017-11-07T12:19:57","slug":"les-taquientrevistes","status":"publish","type":"post","link":"https:\/\/agora.xtec.cat\/ceip-taquigraf-garriga\/general\/les-taquientrevistes\/","title":{"rendered":"LES TAQUIENTREVISTES"},"content":{"rendered":"<p>Els nous periodistes de 6\u00e8 hem tingut una idea: fer una s\u00e8rie d\u2019entrevistes a els nous i els professors m\u00e9s antics. Avui comen\u00e7arem per la professora de P3, la Patricia.<\/p>\n<h3>PATRICIA<\/h3>\n<ul>\n<li><strong>On vius?<\/strong> Visc a Esparraguera des de fa poc.<a href=\"http:\/\/agora.xtec.cat\/ceip-taquigraf-garriga\/wp-content\/uploads\/usu853\/2017\/11\/patricia-p3.jpg\"><img loading=\"lazy\" decoding=\"async\" class=\" wp-image-9131 alignright\" src=\"http:\/\/agora.xtec.cat\/ceip-taquigraf-garriga\/wp-content\/uploads\/usu853\/2017\/11\/patricia-p3-300x225.jpg\" alt=\"\" width=\"393\" height=\"295\" srcset=\"https:\/\/agora.xtec.cat\/ceip-taquigraf-garriga\/wp-content\/uploads\/usu853\/2017\/11\/patricia-p3-300x225.jpg 300w, https:\/\/agora.xtec.cat\/ceip-taquigraf-garriga\/wp-content\/uploads\/usu853\/2017\/11\/patricia-p3-768x576.jpg 768w, https:\/\/agora.xtec.cat\/ceip-taquigraf-garriga\/wp-content\/uploads\/usu853\/2017\/11\/patricia-p3-1024x768.jpg 1024w, https:\/\/agora.xtec.cat\/ceip-taquigraf-garriga\/wp-content\/uploads\/usu853\/2017\/11\/patricia-p3-200x150.jpg 200w, https:\/\/agora.xtec.cat\/ceip-taquigraf-garriga\/wp-content\/uploads\/usu853\/2017\/11\/patricia-p3.jpg 1440w\" sizes=\"auto, (max-width: 393px) 100vw, 393px\" \/><\/a><\/li>\n<li><strong>On treballaves abans?<\/strong> Abans treballava a Abrera.<\/li>\n<li><strong>Fas algun esport?<\/strong> No ara no.<\/li>\n<li><strong>Quin es el teu menjar preferit?<\/strong> La xocolata, per\u00f2 en general els postres.<\/li>\n<li><strong>Quina es la teva peli preferida?<\/strong> No tinc, per\u00f2 m\u2019agraden molt les de com\u00e8dia.<\/li>\n<li><strong>Quin es el teu color preferit?<\/strong> El lila.<\/li>\n<li><strong>Tens alguna mascota?<\/strong> He tingut moltes, per\u00f2 ara mateix no.<\/li>\n<li><strong>Te\u2019n recordes d\u2019algun professor de quan eres petita? Perqu\u00e8?<\/strong> S\u00ed, de la meva mestra de parvulari, perqu\u00e8 era molt bona amb nosaltres i molts cops jugava amb nosaltres, sobretot m\u2019agradava jugar a cuinetes.<\/li>\n<li><strong>Quina \u00e9s la teva mat\u00e8ria preferida?<\/strong> La Biologia.<\/li>\n<li><strong>Ha sigut dif\u00edcil comen\u00e7ar el curs amb els nens petits?<\/strong> Una mica perqu\u00e8 s\u00f3n nous, alguns ploren perqu\u00e8 enyoren als pares, \u00e9s el m\u00e9s normal.<\/li>\n<li><strong>Ja volies ser professora de petita?<\/strong> S\u00ed, des de petita jugava a ser mestre amb els ninos&#8230;<\/li>\n<li><strong>T\u2019est\u00e0 agradant aquesta escola?<\/strong> S\u00ed, molt.<\/li>\n<li><strong>Est\u00e0s contenta amb els teus alumnes?<\/strong> S\u00ed, s\u00f3n molt macos.<\/li>\n<li><strong>Quants anys portes sent mestre?<\/strong> Porto 12 anys.<\/li>\n<\/ul>\n<p>Moltes gr\u00e0cies per la teva col\u00b7laboraci\u00f3!<\/p>\n","protected":false},"excerpt":{"rendered":"<p>Els nous periodistes de 6\u00e8 hem tingut una idea: fer una s\u00e8rie d\u2019entrevistes a els nous i els professors m\u00e9s antics. Avui comen\u00e7arem per la professora de P3, la Patricia. PATRICIA On vius? Visc a Esparraguera des de fa poc. On treballaves abans? Abans treballava a Abrera. Fas algun esport? No ara no. Quin es [&hellip;]<\/p>\n","protected":false},"author":1,"featured_media":0,"comment_status":"open","ping_status":"closed","sticky":false,"template":"","format":"standard","meta":{"_bbp_topic_count":0,"_bbp_reply_count":0,"_bbp_total_topic_count":0,"_bbp_total_reply_count":0,"_bbp_voice_count":0,"_bbp_anonymous_reply_count":0,"_bbp_topic_count_hidden":0,"_bbp_reply_count_hidden":0,"_bbp_forum_subforum_count":0,"site-sidebar-layout":"default","site-content-layout":"","ast-site-content-layout":"","site-content-style":"default","site-sidebar-style":"default","ast-global-header-display":"","ast-banner-title-visibility":"","ast-main-header-display":"","ast-hfb-above-header-display":"","ast-hfb-below-header-display":"","ast-hfb-mobile-header-display":"","site-post-title":"","ast-breadcrumbs-content":"","ast-featured-img":"","footer-sml-layout":"","theme-transparent-header-meta":"","adv-header-id-meta":"","stick-header-meta":"","header-above-stick-meta":"","header-main-stick-meta":"","header-below-stick-meta":"","astra-migrate-meta-layouts":"default","ast-page-background-enabled":"default","ast-page-background-meta":{"desktop":{"background-color":"var(--ast-global-color-4)","background-image":"","background-repeat":"repeat","background-position":"center center","background-size":"auto","background-attachment":"scroll","background-type":"","background-media":"","overlay-type":"","overlay-color":"","overlay-opacity":"","overlay-gradient":""},"tablet":{"background-color":"","background-image":"","background-repeat":"repeat","background-position":"center center","background-size":"auto","background-attachment":"scroll","background-type":"","background-media":"","overlay-type":"","overlay-color":"","overlay-opacity":"","overlay-gradient":""},"mobile":{"background-color":"","background-image":"","background-repeat":"repeat","background-position":"center center","background-size":"auto","background-attachment":"scroll","background-type":"","background-media":"","overlay-type":"","overlay-color":"","overlay-opacity":"","overlay-gradient":""}},"ast-content-background-meta":{"desktop":{"background-color":"var(--ast-global-color-5)","background-image":"","background-repeat":"repeat","background-position":"center center","background-size":"auto","background-attachment":"scroll","background-type":"","background-media":"","overlay-type":"","overlay-color":"","overlay-opacity":"","overlay-gradient":""},"tablet":{"background-color":"var(--ast-global-color-5)","background-image":"","background-repeat":"repeat","background-position":"center center","background-size":"auto","background-attachment":"scroll","background-type":"","background-media":"","overlay-type":"","overlay-color":"","overlay-opacity":"","overlay-gradient":""},"mobile":{"background-color":"var(--ast-global-color-5)","background-image":"","background-repeat":"repeat","background-position":"center center","background-size":"auto","background-attachment":"scroll","background-type":"","background-media":"","overlay-type":"","overlay-color":"","overlay-opacity":"","overlay-gradient":""}},"footnotes":""},"categories":[142,1,3,2,4],"tags":[117,49,63,145],"class_list":["post-9130","post","type-post","status-publish","format-standard","hentry","category-6e-primaria","category-general","category-i3","category-petits","category-portada","tag-6e","tag-p3","tag-periodistes","tag-taquientrevistes"],"post_mailing_queue_ids":[],"_links":{"self":[{"href":"https:\/\/agora.xtec.cat\/ceip-taquigraf-garriga\/wp-json\/wp\/v2\/posts\/9130","targetHints":{"allow":["GET"]}}],"collection":[{"href":"https:\/\/agora.xtec.cat\/ceip-taquigraf-garriga\/wp-json\/wp\/v2\/posts"}],"about":[{"href":"https:\/\/agora.xtec.cat\/ceip-taquigraf-garriga\/wp-json\/wp\/v2\/types\/post"}],"author":[{"embeddable":true,"href":"https:\/\/agora.xtec.cat\/ceip-taquigraf-garriga\/wp-json\/wp\/v2\/users\/1"}],"replies":[{"embeddable":true,"href":"https:\/\/agora.xtec.cat\/ceip-taquigraf-garriga\/wp-json\/wp\/v2\/comments?post=9130"}],"version-history":[{"count":1,"href":"https:\/\/agora.xtec.cat\/ceip-taquigraf-garriga\/wp-json\/wp\/v2\/posts\/9130\/revisions"}],"predecessor-version":[{"id":9132,"href":"https:\/\/agora.xtec.cat\/ceip-taquigraf-garriga\/wp-json\/wp\/v2\/posts\/9130\/revisions\/9132"}],"wp:attachment":[{"href":"https:\/\/agora.xtec.cat\/ceip-taquigraf-garriga\/wp-json\/wp\/v2\/media?parent=9130"}],"wp:term":[{"taxonomy":"category","embeddable":true,"href":"https:\/\/agora.xtec.cat\/ceip-taquigraf-garriga\/wp-json\/wp\/v2\/categories?post=9130"},{"taxonomy":"post_tag","embeddable":true,"href":"https:\/\/agora.xtec.cat\/ceip-taquigraf-garriga\/wp-json\/wp\/v2\/tags?post=9130"}],"curies":[{"name":"wp","href":"https:\/\/api.w.org\/{rel}","templated":true}]}}