{"id":800,"date":"2017-02-15T15:25:51","date_gmt":"2017-02-15T14:25:51","guid":{"rendered":"http:\/\/agora.xtec.cat\/ceip-taquigraf-garriga\/?p=800"},"modified":"2017-02-16T09:48:07","modified_gmt":"2017-02-16T08:48:07","slug":"p5-fem-un-tomb-per-esparreguera","status":"publish","type":"post","link":"https:\/\/agora.xtec.cat\/ceip-taquigraf-garriga\/petits\/p5-fem-un-tomb-per-esparreguera\/","title":{"rendered":"P5 fa un tomb per Esparreguera"},"content":{"rendered":"<h3>Els nens i nenes de P5 estem treballant Esparreguera.<\/h3>\n<figure id=\"attachment_803\" aria-describedby=\"caption-attachment-803\" style=\"width: 300px\" class=\"wp-caption alignright\"><a href=\"http:\/\/agora.xtec.cat\/ceip-taquigraf-garriga\/wp-content\/uploads\/usu853\/2017\/02\/IMG_20170209_105949.jpg\"><img loading=\"lazy\" decoding=\"async\" class=\"wp-image-803 size-medium\" src=\"http:\/\/agora.xtec.cat\/ceip-taquigraf-garriga\/wp-content\/uploads\/usu853\/2017\/02\/IMG_20170209_105949-300x225.jpg\" alt=\"img_20170209_105949\" width=\"300\" height=\"225\" srcset=\"https:\/\/agora.xtec.cat\/ceip-taquigraf-garriga\/wp-content\/uploads\/usu853\/2017\/02\/IMG_20170209_105949-300x225.jpg 300w, https:\/\/agora.xtec.cat\/ceip-taquigraf-garriga\/wp-content\/uploads\/usu853\/2017\/02\/IMG_20170209_105949-768x576.jpg 768w, https:\/\/agora.xtec.cat\/ceip-taquigraf-garriga\/wp-content\/uploads\/usu853\/2017\/02\/IMG_20170209_105949-1024x768.jpg 1024w, https:\/\/agora.xtec.cat\/ceip-taquigraf-garriga\/wp-content\/uploads\/usu853\/2017\/02\/IMG_20170209_105949-200x150.jpg 200w\" sizes=\"auto, (max-width: 300px) 100vw, 300px\" \/><\/a><figcaption id=\"caption-attachment-803\" class=\"wp-caption-text\">P5A. A la porta de davant de Cal Pitango<\/figcaption><\/figure>\n<figure id=\"attachment_802\" aria-describedby=\"caption-attachment-802\" style=\"width: 300px\" class=\"wp-caption alignleft\"><a href=\"http:\/\/agora.xtec.cat\/ceip-taquigraf-garriga\/wp-content\/uploads\/usu853\/2017\/02\/IMG-20170209-WA0007.jpg\"><img loading=\"lazy\" decoding=\"async\" class=\"wp-image-802 size-medium\" src=\"http:\/\/agora.xtec.cat\/ceip-taquigraf-garriga\/wp-content\/uploads\/usu853\/2017\/02\/IMG-20170209-WA0007-300x169.jpg\" alt=\"img-20170209-wa0007\" width=\"300\" height=\"169\" srcset=\"https:\/\/agora.xtec.cat\/ceip-taquigraf-garriga\/wp-content\/uploads\/usu853\/2017\/02\/IMG-20170209-WA0007-300x169.jpg 300w, https:\/\/agora.xtec.cat\/ceip-taquigraf-garriga\/wp-content\/uploads\/usu853\/2017\/02\/IMG-20170209-WA0007-768x432.jpg 768w, https:\/\/agora.xtec.cat\/ceip-taquigraf-garriga\/wp-content\/uploads\/usu853\/2017\/02\/IMG-20170209-WA0007-1024x576.jpg 1024w, https:\/\/agora.xtec.cat\/ceip-taquigraf-garriga\/wp-content\/uploads\/usu853\/2017\/02\/IMG-20170209-WA0007.jpg 1600w\" sizes=\"auto, (max-width: 300px) 100vw, 300px\" \/><\/a><figcaption id=\"caption-attachment-802\" class=\"wp-caption-text\">P5B. A la porta de darrera de Cal Pitango.<\/figcaption><\/figure>\n<p>Durant les \u00faltimes setmanes els nens i nenes de les classes dels &#8220;Equilibristes&#8221; i dels &#8220;Pallassos i les Pallasses&#8221; estem treballant el nostre poble: Esparreguera.<\/p>\n<p>Hem apr\u00e8s una mica d&#8217;hist\u00f2ria del nostre poble: qui eren el Guillem i l&#8217;Emma, per on pasava el Cam\u00ed Ral, on est\u00e0 Santa Maria del Puig i com es diu l&#8217;esgl\u00e8sia d&#8217;Esparreguera. I amb aquesta informaci\u00f3 hem sortit a fer un tomb per la vila.<\/p>\n<p>Durant la nostra passejada hem vist l&#8217;escut del poble al terra de la pla\u00e7a de l&#8217;Ajuntament. T\u00e9 7 esp\u00e0rrecs, una esparreguera i la creu de Santa Eul\u00e0lia, que \u00e9s la patrona del poble. L&#8217;hem copiat i ara el tenim a la classe.<\/p>\n<figure id=\"attachment_808\" aria-describedby=\"caption-attachment-808\" style=\"width: 300px\" class=\"wp-caption alignright\"><a href=\"http:\/\/agora.xtec.cat\/ceip-taquigraf-garriga\/wp-content\/uploads\/usu853\/2017\/02\/IMG-20170209-WA0008.jpg\"><img loading=\"lazy\" decoding=\"async\" class=\"wp-image-808 size-medium\" src=\"http:\/\/agora.xtec.cat\/ceip-taquigraf-garriga\/wp-content\/uploads\/usu853\/2017\/02\/IMG-20170209-WA0008-300x169.jpg\" alt=\"img-20170209-wa0008\" width=\"300\" height=\"169\" srcset=\"https:\/\/agora.xtec.cat\/ceip-taquigraf-garriga\/wp-content\/uploads\/usu853\/2017\/02\/IMG-20170209-WA0008-300x169.jpg 300w, https:\/\/agora.xtec.cat\/ceip-taquigraf-garriga\/wp-content\/uploads\/usu853\/2017\/02\/IMG-20170209-WA0008-768x432.jpg 768w, https:\/\/agora.xtec.cat\/ceip-taquigraf-garriga\/wp-content\/uploads\/usu853\/2017\/02\/IMG-20170209-WA0008-1024x576.jpg 1024w, https:\/\/agora.xtec.cat\/ceip-taquigraf-garriga\/wp-content\/uploads\/usu853\/2017\/02\/IMG-20170209-WA0008.jpg 1600w\" sizes=\"auto, (max-width: 300px) 100vw, 300px\" \/><\/a><figcaption id=\"caption-attachment-808\" class=\"wp-caption-text\">Els pallassos i pallasses copiant l&#8217;escut a la pla\u00e7a de l&#8217;Ajuntament.<\/figcaption><\/figure>\n<figure id=\"attachment_809\" aria-describedby=\"caption-attachment-809\" style=\"width: 225px\" class=\"wp-caption alignleft\"><a href=\"http:\/\/agora.xtec.cat\/ceip-taquigraf-garriga\/wp-content\/uploads\/usu853\/2017\/02\/IMG_20170209_115304-Small.jpg\"><img loading=\"lazy\" decoding=\"async\" class=\"wp-image-809 size-medium\" src=\"http:\/\/agora.xtec.cat\/ceip-taquigraf-garriga\/wp-content\/uploads\/usu853\/2017\/02\/IMG_20170209_115304-Small-225x300.jpg\" alt=\"img_20170209_115304-small\" width=\"225\" height=\"300\" srcset=\"https:\/\/agora.xtec.cat\/ceip-taquigraf-garriga\/wp-content\/uploads\/usu853\/2017\/02\/IMG_20170209_115304-Small-225x300.jpg 225w, https:\/\/agora.xtec.cat\/ceip-taquigraf-garriga\/wp-content\/uploads\/usu853\/2017\/02\/IMG_20170209_115304-Small.jpg 480w\" sizes=\"auto, (max-width: 225px) 100vw, 225px\" \/><\/a><figcaption id=\"caption-attachment-809\" class=\"wp-caption-text\">Els equilibristes amb el Guillem, l&#8217;Emma i l&#8217;Espinguet al Centre Dual.<\/figcaption><\/figure>\n<p>Tamb\u00e9 hem vist Cal Pitango, que \u00e9s al carrer Cavallers. Aquesta casa fa temps va ser un dels primers hostals d&#8217;Esparreguera i la gent s&#8217;hi aturava a dormir quan anava des de Barcelona fins a Lleida o a Madrid.<\/p>\n<p>A mig mat\u00ed ens hem aturat a esmorzar a la pla\u00e7a del Centre, que \u00e9s on hi ha la piscina. Tamb\u00e9 hem jugat una mica al parc.<\/p>\n<p>En el nostre recorregut tamb\u00e9 hem passat pel carrer dels arbres, on hem vist els gegants d&#8217;Esparreguera: el Guillem, l&#8217;Emma i l&#8217;Espinguet al Centre Dual. I per la pla\u00e7a de Santa Eul\u00e0lia, on hem aprofitat per veure per dintre l&#8217;esgl\u00e8sia. \u00c9s enorme!!!<\/p>\n","protected":false},"excerpt":{"rendered":"<p>Els nens i nenes de P5 hem sortit a fer una passejada per Esparreguera.<\/p>\n","protected":false},"author":3,"featured_media":810,"comment_status":"open","ping_status":"open","sticky":false,"template":"","format":"standard","meta":{"_bbp_topic_count":0,"_bbp_reply_count":0,"_bbp_total_topic_count":0,"_bbp_total_reply_count":0,"_bbp_voice_count":0,"_bbp_anonymous_reply_count":0,"_bbp_topic_count_hidden":0,"_bbp_reply_count_hidden":0,"_bbp_forum_subforum_count":0,"site-sidebar-layout":"default","site-content-layout":"","ast-site-content-layout":"","site-content-style":"default","site-sidebar-style":"default","ast-global-header-display":"","ast-banner-title-visibility":"","ast-main-header-display":"","ast-hfb-above-header-display":"","ast-hfb-below-header-display":"","ast-hfb-mobile-header-display":"","site-post-title":"","ast-breadcrumbs-content":"","ast-featured-img":"","footer-sml-layout":"","theme-transparent-header-meta":"","adv-header-id-meta":"","stick-header-meta":"","header-above-stick-meta":"","header-main-stick-meta":"","header-below-stick-meta":"","astra-migrate-meta-layouts":"default","ast-page-background-enabled":"default","ast-page-background-meta":{"desktop":{"background-color":"var(--ast-global-color-4)","background-image":"","background-repeat":"repeat","background-position":"center center","background-size":"auto","background-attachment":"scroll","background-type":"","background-media":"","overlay-type":"","overlay-color":"","overlay-opacity":"","overlay-gradient":""},"tablet":{"background-color":"","background-image":"","background-repeat":"repeat","background-position":"center center","background-size":"auto","background-attachment":"scroll","background-type":"","background-media":"","overlay-type":"","overlay-color":"","overlay-opacity":"","overlay-gradient":""},"mobile":{"background-color":"","background-image":"","background-repeat":"repeat","background-position":"center center","background-size":"auto","background-attachment":"scroll","background-type":"","background-media":"","overlay-type":"","overlay-color":"","overlay-opacity":"","overlay-gradient":""}},"ast-content-background-meta":{"desktop":{"background-color":"var(--ast-global-color-5)","background-image":"","background-repeat":"repeat","background-position":"center center","background-size":"auto","background-attachment":"scroll","background-type":"","background-media":"","overlay-type":"","overlay-color":"","overlay-opacity":"","overlay-gradient":""},"tablet":{"background-color":"var(--ast-global-color-5)","background-image":"","background-repeat":"repeat","background-position":"center center","background-size":"auto","background-attachment":"scroll","background-type":"","background-media":"","overlay-type":"","overlay-color":"","overlay-opacity":"","overlay-gradient":""},"mobile":{"background-color":"var(--ast-global-color-5)","background-image":"","background-repeat":"repeat","background-position":"center center","background-size":"auto","background-attachment":"scroll","background-type":"","background-media":"","overlay-type":"","overlay-color":"","overlay-opacity":"","overlay-gradient":""}},"footnotes":""},"categories":[9,2,4],"tags":[92,90],"class_list":["post-800","post","type-post","status-publish","format-standard","has-post-thumbnail","hentry","category-i5","category-petits","category-portada","tag-esparreguera","tag-p5"],"post_mailing_queue_ids":[],"_links":{"self":[{"href":"https:\/\/agora.xtec.cat\/ceip-taquigraf-garriga\/wp-json\/wp\/v2\/posts\/800","targetHints":{"allow":["GET"]}}],"collection":[{"href":"https:\/\/agora.xtec.cat\/ceip-taquigraf-garriga\/wp-json\/wp\/v2\/posts"}],"about":[{"href":"https:\/\/agora.xtec.cat\/ceip-taquigraf-garriga\/wp-json\/wp\/v2\/types\/post"}],"author":[{"embeddable":true,"href":"https:\/\/agora.xtec.cat\/ceip-taquigraf-garriga\/wp-json\/wp\/v2\/users\/3"}],"replies":[{"embeddable":true,"href":"https:\/\/agora.xtec.cat\/ceip-taquigraf-garriga\/wp-json\/wp\/v2\/comments?post=800"}],"version-history":[{"count":3,"href":"https:\/\/agora.xtec.cat\/ceip-taquigraf-garriga\/wp-json\/wp\/v2\/posts\/800\/revisions"}],"predecessor-version":[{"id":821,"href":"https:\/\/agora.xtec.cat\/ceip-taquigraf-garriga\/wp-json\/wp\/v2\/posts\/800\/revisions\/821"}],"wp:featuredmedia":[{"embeddable":true,"href":"https:\/\/agora.xtec.cat\/ceip-taquigraf-garriga\/wp-json\/wp\/v2\/media\/810"}],"wp:attachment":[{"href":"https:\/\/agora.xtec.cat\/ceip-taquigraf-garriga\/wp-json\/wp\/v2\/media?parent=800"}],"wp:term":[{"taxonomy":"category","embeddable":true,"href":"https:\/\/agora.xtec.cat\/ceip-taquigraf-garriga\/wp-json\/wp\/v2\/categories?post=800"},{"taxonomy":"post_tag","embeddable":true,"href":"https:\/\/agora.xtec.cat\/ceip-taquigraf-garriga\/wp-json\/wp\/v2\/tags?post=800"}],"curies":[{"name":"wp","href":"https:\/\/api.w.org\/{rel}","templated":true}]}}