{"id":765,"date":"2017-02-08T15:54:50","date_gmt":"2017-02-08T14:54:50","guid":{"rendered":"http:\/\/agora.xtec.cat\/ceip-taquigraf-garriga\/?p=765"},"modified":"2017-02-08T15:54:50","modified_gmt":"2017-02-08T14:54:50","slug":"ja-han-arribat-nous-periodistes","status":"publish","type":"post","link":"https:\/\/agora.xtec.cat\/ceip-taquigraf-garriga\/general\/ja-han-arribat-nous-periodistes\/","title":{"rendered":"Ja han arribat nous Periodistes!"},"content":{"rendered":"<h3 style=\"text-align: center;\"><strong>ARRIBEN UNS NOUS PERIODISTES, AMB MOLTES GANES DE TREBALLAR!<\/strong><\/h3>\n<p>Els periodistes del segon trimestre s\u00f3n: l\u2019Ainara Mart\u00edn, l\u2019Alba Rivera, l\u2019\u00c0ngela Mar\u00edn, l\u2019Arnau P\u00e9rez, la Lara Garc\u00eda i la Mireia Monfort.<\/p>\n<p><a href=\"http:\/\/agora.xtec.cat\/ceip-taquigraf-garriga\/wp-content\/uploads\/usu853\/2017\/02\/IMG_6772-e1486565595273.jpg\"><img loading=\"lazy\" decoding=\"async\" class=\"wp-image-766 alignleft\" src=\"http:\/\/agora.xtec.cat\/ceip-taquigraf-garriga\/wp-content\/uploads\/usu853\/2017\/02\/IMG_6772-e1486565595273-768x1024.jpg\" alt=\"img_6772\" width=\"250\" height=\"334\" srcset=\"https:\/\/agora.xtec.cat\/ceip-taquigraf-garriga\/wp-content\/uploads\/usu853\/2017\/02\/IMG_6772-e1486565595273-768x1024.jpg 768w, https:\/\/agora.xtec.cat\/ceip-taquigraf-garriga\/wp-content\/uploads\/usu853\/2017\/02\/IMG_6772-e1486565595273-225x300.jpg 225w\" sizes=\"auto, (max-width: 250px) 100vw, 250px\" \/><\/a><\/p>\n<p>Ells s\u00f3n nens i nenes de 10 i 11 anys tenen moltes ganes d\u2019aprendre i on cada dimarts van a l\u2019aula d\u2019inform\u00e0tica per realitzar aquest c\u00e0rrec. En aquelles hores es converteix en la seu de la Redacci\u00f3 dels periodistes del taqui.<\/p>\n<p>Primer de tot, els hi van explicar com funcionaria aquest c\u00e0rrec i van rebre els consells dels periodistes del primer trimestre. Al dia seg\u00fcent van comen\u00e7ar a treballar en les not\u00edcies, sobretot aprenent com escriure-les i com posar la informaci\u00f3 necessaria. En acabar-les es pengen a la web de l\u2019escola, i a m\u00e9s a m\u00e9s, aquest trimestre inaugurem\u00a0el mur f\u00edsic de les not\u00edcies; el suro que hi ha fora de l\u2019aula d\u2019inform\u00e0tica on anirem col\u00b7locant en format paper totes les not\u00edcies que anem publicant a la web perqu\u00e8 tothom que passi les pugui veure.<\/p>\n<p>Esperem que estigueu ben informats!<\/p>\n<p>Atentament,<\/p>\n<p>La Redacci\u00f3<\/p>\n","protected":false},"excerpt":{"rendered":"<p>ARRIBEN UNS NOUS PERIODISTES, AMB MOLTES GANES DE TREBALLAR! Els periodistes del segon trimestre s\u00f3n: l\u2019Ainara Mart\u00edn, l\u2019Alba Rivera, l\u2019\u00c0ngela Mar\u00edn, l\u2019Arnau P\u00e9rez, la Lara Garc\u00eda i la Mireia Monfort. Ells s\u00f3n nens i nenes de 10 i 11 anys tenen moltes ganes d\u2019aprendre i on cada dimarts van a l\u2019aula d\u2019inform\u00e0tica per realitzar aquest [&hellip;]<\/p>\n","protected":false},"author":1,"featured_media":766,"comment_status":"open","ping_status":"open","sticky":false,"template":"","format":"standard","meta":{"_bbp_topic_count":0,"_bbp_reply_count":0,"_bbp_total_topic_count":0,"_bbp_total_reply_count":0,"_bbp_voice_count":0,"_bbp_anonymous_reply_count":0,"_bbp_topic_count_hidden":0,"_bbp_reply_count_hidden":0,"_bbp_forum_subforum_count":0,"site-sidebar-layout":"default","site-content-layout":"","ast-site-content-layout":"","site-content-style":"default","site-sidebar-style":"default","ast-global-header-display":"","ast-banner-title-visibility":"","ast-main-header-display":"","ast-hfb-above-header-display":"","ast-hfb-below-header-display":"","ast-hfb-mobile-header-display":"","site-post-title":"","ast-breadcrumbs-content":"","ast-featured-img":"","footer-sml-layout":"","theme-transparent-header-meta":"","adv-header-id-meta":"","stick-header-meta":"","header-above-stick-meta":"","header-main-stick-meta":"","header-below-stick-meta":"","astra-migrate-meta-layouts":"default","ast-page-background-enabled":"default","ast-page-background-meta":{"desktop":{"background-color":"var(--ast-global-color-4)","background-image":"","background-repeat":"repeat","background-position":"center center","background-size":"auto","background-attachment":"scroll","background-type":"","background-media":"","overlay-type":"","overlay-color":"","overlay-opacity":"","overlay-gradient":""},"tablet":{"background-color":"","background-image":"","background-repeat":"repeat","background-position":"center center","background-size":"auto","background-attachment":"scroll","background-type":"","background-media":"","overlay-type":"","overlay-color":"","overlay-opacity":"","overlay-gradient":""},"mobile":{"background-color":"","background-image":"","background-repeat":"repeat","background-position":"center center","background-size":"auto","background-attachment":"scroll","background-type":"","background-media":"","overlay-type":"","overlay-color":"","overlay-opacity":"","overlay-gradient":""}},"ast-content-background-meta":{"desktop":{"background-color":"var(--ast-global-color-5)","background-image":"","background-repeat":"repeat","background-position":"center center","background-size":"auto","background-attachment":"scroll","background-type":"","background-media":"","overlay-type":"","overlay-color":"","overlay-opacity":"","overlay-gradient":""},"tablet":{"background-color":"var(--ast-global-color-5)","background-image":"","background-repeat":"repeat","background-position":"center center","background-size":"auto","background-attachment":"scroll","background-type":"","background-media":"","overlay-type":"","overlay-color":"","overlay-opacity":"","overlay-gradient":""},"mobile":{"background-color":"var(--ast-global-color-5)","background-image":"","background-repeat":"repeat","background-position":"center center","background-size":"auto","background-attachment":"scroll","background-type":"","background-media":"","overlay-type":"","overlay-color":"","overlay-opacity":"","overlay-gradient":""}},"footnotes":""},"categories":[14,1],"tags":[],"class_list":["post-765","post","type-post","status-publish","format-standard","has-post-thumbnail","hentry","category-5e","category-general"],"post_mailing_queue_ids":[],"_links":{"self":[{"href":"https:\/\/agora.xtec.cat\/ceip-taquigraf-garriga\/wp-json\/wp\/v2\/posts\/765","targetHints":{"allow":["GET"]}}],"collection":[{"href":"https:\/\/agora.xtec.cat\/ceip-taquigraf-garriga\/wp-json\/wp\/v2\/posts"}],"about":[{"href":"https:\/\/agora.xtec.cat\/ceip-taquigraf-garriga\/wp-json\/wp\/v2\/types\/post"}],"author":[{"embeddable":true,"href":"https:\/\/agora.xtec.cat\/ceip-taquigraf-garriga\/wp-json\/wp\/v2\/users\/1"}],"replies":[{"embeddable":true,"href":"https:\/\/agora.xtec.cat\/ceip-taquigraf-garriga\/wp-json\/wp\/v2\/comments?post=765"}],"version-history":[{"count":2,"href":"https:\/\/agora.xtec.cat\/ceip-taquigraf-garriga\/wp-json\/wp\/v2\/posts\/765\/revisions"}],"predecessor-version":[{"id":768,"href":"https:\/\/agora.xtec.cat\/ceip-taquigraf-garriga\/wp-json\/wp\/v2\/posts\/765\/revisions\/768"}],"wp:featuredmedia":[{"embeddable":true,"href":"https:\/\/agora.xtec.cat\/ceip-taquigraf-garriga\/wp-json\/wp\/v2\/media\/766"}],"wp:attachment":[{"href":"https:\/\/agora.xtec.cat\/ceip-taquigraf-garriga\/wp-json\/wp\/v2\/media?parent=765"}],"wp:term":[{"taxonomy":"category","embeddable":true,"href":"https:\/\/agora.xtec.cat\/ceip-taquigraf-garriga\/wp-json\/wp\/v2\/categories?post=765"},{"taxonomy":"post_tag","embeddable":true,"href":"https:\/\/agora.xtec.cat\/ceip-taquigraf-garriga\/wp-json\/wp\/v2\/tags?post=765"}],"curies":[{"name":"wp","href":"https:\/\/api.w.org\/{rel}","templated":true}]}}